{"id":15354,"date":"2025-10-21T16:47:28","date_gmt":"2025-10-21T19:47:28","guid":{"rendered":"https:\/\/prefeitura.santarosa.rs.gov.br\/?p=15354"},"modified":"2025-10-21T16:47:28","modified_gmt":"2025-10-21T19:47:28","slug":"flores-acolhimento-e-informacao-blitz-educativa-marca-o-mes-das-criancas","status":"publish","type":"post","link":"https:\/\/prefeitura.santarosa.rs.gov.br\/?p=15354","title":{"rendered":"Flores, acolhimento e informa\u00e7\u00e3o: blitz educativa marca o M\u00eas das Crian\u00e7as\u00a0"},"content":{"rendered":"\n<figure class=\"wp-block-image size-large\"><img fetchpriority=\"high\" decoding=\"async\" width=\"1024\" height=\"570\" src=\"https:\/\/prefeitura.santarosa.rs.gov.br\/wp-content\/uploads\/2025\/10\/WhatsApp-Image-2025-10-21-at-16.37.12-1024x570.jpeg\" alt=\"\" class=\"wp-image-15355\" srcset=\"https:\/\/prefeitura.santarosa.rs.gov.br\/wp-content\/uploads\/2025\/10\/WhatsApp-Image-2025-10-21-at-16.37.12-1024x570.jpeg 1024w, https:\/\/prefeitura.santarosa.rs.gov.br\/wp-content\/uploads\/2025\/10\/WhatsApp-Image-2025-10-21-at-16.37.12-300x167.jpeg 300w, https:\/\/prefeitura.santarosa.rs.gov.br\/wp-content\/uploads\/2025\/10\/WhatsApp-Image-2025-10-21-at-16.37.12-768x428.jpeg 768w, https:\/\/prefeitura.santarosa.rs.gov.br\/wp-content\/uploads\/2025\/10\/WhatsApp-Image-2025-10-21-at-16.37.12-800x445.jpeg 800w, https:\/\/prefeitura.santarosa.rs.gov.br\/wp-content\/uploads\/2025\/10\/WhatsApp-Image-2025-10-21-at-16.37.12.jpeg 1280w\" sizes=\"(max-width: 1024px) 100vw, 1024px\" \/><\/figure>\n\n\n\n<p>O Programa Fam\u00edlia Acolhedora, da Secretaria de Desenvolvimento Social, realizou uma blitz educativa em frente ao m\u00f3dulo da Brigada Militar, na Pra\u00e7a 10 de Agosto. A a\u00e7\u00e3o fez parte da programa\u00e7\u00e3o especial do M\u00eas das Crian\u00e7as e buscou aproximar a comunidade do programa. Na oportunidade, tamb\u00e9m foram convidadas novas fam\u00edlias a se tornarem acolhedoras.<\/p>\n\n\n\n<p>Durante a blitz, foram distribu\u00eddas mudas de flores acompanhadas de materiais informativos sobre o programa. A ideia foi levar carinho e informa\u00e7\u00e3o de forma simb\u00f3lica, promovendo a conscientiza\u00e7\u00e3o sobre a import\u00e2ncia do acolhimento familiar tempor\u00e1rio de crian\u00e7as e adolescentes em situa\u00e7\u00e3o de vulnerabilidade. Segundo a Secret\u00e1ria de Desenvolvimento Social, Rita Strasser, \u201cEstamos desenvolvendo v\u00e1rias a\u00e7\u00f5es para divulgar esse trabalho da Fam\u00edlia Acolhedora, queremos contar com apoio de mais fam\u00edlias que possam contribuir com crian\u00e7as da nossa comunidade\u201d.&nbsp; A blitz tamb\u00e9m fez parte do trabalho de Estagio do Curso de Psicologia da Uniju\u00ed \u2013 Universidade Regional do Noroeste do Estado do RS, que atua junto ao programa e tem acompanhado de perto as iniciativas voltadas ao acolhimento familiar.<\/p>\n\n\n\n<p>A a\u00e7\u00e3o contou ainda com o apoio da Sicredi e da Floricultura Recanto, que doaram as mudas de flores entregues \u00e0 comunidade. Outras atividades est\u00e3o previstas ao longo do m\u00eas de outubro, todas com o objetivo de dar visibilidade ao Programa Fam\u00edlia Acolhedora e incentivar mais pessoas a se habilitarem como fam\u00edlias acolhedoras.<\/p>\n\n\n\n<p><\/p>\n","protected":false},"excerpt":{"rendered":"<p>O Programa Fam\u00edlia Acolhedora, da Secretaria de Desenvolvimento Social, realizou uma blitz educativa em frente ao m\u00f3dulo da Brigada Militar,<\/p>\n","protected":false},"author":12,"featured_media":15356,"comment_status":"closed","ping_status":"closed","sticky":false,"template":"","format":"standard","meta":{"footnotes":""},"categories":[4,17],"tags":[],"class_list":["post-15354","post","type-post","status-publish","format-standard","has-post-thumbnail","hentry","category-noticias","category-secretaria-municipal-de-desenvolvimento-social"],"aioseo_notices":[],"_links":{"self":[{"href":"https:\/\/prefeitura.santarosa.rs.gov.br\/index.php?rest_route=\/wp\/v2\/posts\/15354","targetHints":{"allow":["GET"]}}],"collection":[{"href":"https:\/\/prefeitura.santarosa.rs.gov.br\/index.php?rest_route=\/wp\/v2\/posts"}],"about":[{"href":"https:\/\/prefeitura.santarosa.rs.gov.br\/index.php?rest_route=\/wp\/v2\/types\/post"}],"author":[{"embeddable":true,"href":"https:\/\/prefeitura.santarosa.rs.gov.br\/index.php?rest_route=\/wp\/v2\/users\/12"}],"replies":[{"embeddable":true,"href":"https:\/\/prefeitura.santarosa.rs.gov.br\/index.php?rest_route=%2Fwp%2Fv2%2Fcomments&post=15354"}],"version-history":[{"count":1,"href":"https:\/\/prefeitura.santarosa.rs.gov.br\/index.php?rest_route=\/wp\/v2\/posts\/15354\/revisions"}],"predecessor-version":[{"id":15357,"href":"https:\/\/prefeitura.santarosa.rs.gov.br\/index.php?rest_route=\/wp\/v2\/posts\/15354\/revisions\/15357"}],"wp:featuredmedia":[{"embeddable":true,"href":"https:\/\/prefeitura.santarosa.rs.gov.br\/index.php?rest_route=\/wp\/v2\/media\/15356"}],"wp:attachment":[{"href":"https:\/\/prefeitura.santarosa.rs.gov.br\/index.php?rest_route=%2Fwp%2Fv2%2Fmedia&parent=15354"}],"wp:term":[{"taxonomy":"category","embeddable":true,"href":"https:\/\/prefeitura.santarosa.rs.gov.br\/index.php?rest_route=%2Fwp%2Fv2%2Fcategories&post=15354"},{"taxonomy":"post_tag","embeddable":true,"href":"https:\/\/prefeitura.santarosa.rs.gov.br\/index.php?rest_route=%2Fwp%2Fv2%2Ftags&post=15354"}],"curies":[{"name":"wp","href":"https:\/\/api.w.org\/{rel}","templated":true}]}}