{"id":15350,"date":"2025-10-21T09:21:24","date_gmt":"2025-10-21T12:21:24","guid":{"rendered":"https:\/\/prefeitura.santarosa.rs.gov.br\/?p=15350"},"modified":"2025-10-21T09:21:24","modified_gmt":"2025-10-21T12:21:24","slug":"santa-rosa-recebe-homenagem-no-municipio-de-taquari","status":"publish","type":"post","link":"https:\/\/prefeitura.santarosa.rs.gov.br\/?p=15350","title":{"rendered":"Santa Rosa recebe homenagem no munic\u00edpio de Taquari"},"content":{"rendered":"\n<figure class=\"wp-block-image size-large\"><img fetchpriority=\"high\" decoding=\"async\" width=\"1024\" height=\"653\" src=\"https:\/\/prefeitura.santarosa.rs.gov.br\/wp-content\/uploads\/2025\/10\/WhatsApp-Image-2025-10-21-at-09.17.13-1024x653.jpeg\" alt=\"\" class=\"wp-image-15351\" srcset=\"https:\/\/prefeitura.santarosa.rs.gov.br\/wp-content\/uploads\/2025\/10\/WhatsApp-Image-2025-10-21-at-09.17.13-1024x653.jpeg 1024w, https:\/\/prefeitura.santarosa.rs.gov.br\/wp-content\/uploads\/2025\/10\/WhatsApp-Image-2025-10-21-at-09.17.13-300x191.jpeg 300w, https:\/\/prefeitura.santarosa.rs.gov.br\/wp-content\/uploads\/2025\/10\/WhatsApp-Image-2025-10-21-at-09.17.13-768x490.jpeg 768w, https:\/\/prefeitura.santarosa.rs.gov.br\/wp-content\/uploads\/2025\/10\/WhatsApp-Image-2025-10-21-at-09.17.13-1536x979.jpeg 1536w, https:\/\/prefeitura.santarosa.rs.gov.br\/wp-content\/uploads\/2025\/10\/WhatsApp-Image-2025-10-21-at-09.17.13.jpeg 1600w\" sizes=\"(max-width: 1024px) 100vw, 1024px\" \/><\/figure>\n\n\n\n<p>A comunidade de Taquari realizou um evento no \u00faltimo fim de semana para homenagear Santa Rosa. A a\u00e7\u00e3o foi organizada pelo Rotary Club Taquari e contou com a presen\u00e7a dos moradores que receberam ajuda no per\u00edodo das enchentes. O vice-prefeito Aldemir Ulrich participou da atividade.<\/p>\n\n\n\n<p>Empresas, institui\u00e7\u00f5es e a comunidade em geral de Santa Rosa foram homenageadas por toda a ajuda realizada em 2024. Durante o evento para homenagear os \u201cAmigos de Santa Rosa\u201d foram entregues placas e diplomas como reconhecimento. A men\u00e7\u00e3o destaca a inestim\u00e1vel contribui\u00e7\u00e3o e dedica\u00e7\u00e3o demonstrada durante as enchentes em 2024 e que a a generosidade e esp\u00edrito solid\u00e1rio foram essenciais para apoiar e reconstruir nossa comunidade em tempos de dificuldades. O vice-prefeito agradeceu o reconhecimento, \u201cFoi muito emocionante esse momento, pois a gente teve oportunidade de conhecer as fam\u00edlias que foram ajudadas. N\u00f3s recebemos na d\u00e9cada de 40 pessoas de Taquari que tamb\u00e9m ajudaram a construir nossa Santa Rosa e esse esp\u00edrito de ajuda m\u00fatua deve seguir para que todos sigam crescendo e se desenvolvendo. Contem sempre conosco\u201d.&nbsp;<\/p>\n\n\n\n<p>Em Taquari, todas casas que receberam recursos ou doa\u00e7\u00f5es tiveram uma placa instalada, fazendo a men\u00e7\u00e3o para Santa Rosa e para o Rotary de Taquari. Importante destacar que a prefeitura organizou a\u00e7\u00f5es, por\u00e9m n\u00e3o foi destinado nenhum recurso p\u00fablico para Taquari.<\/p>\n","protected":false},"excerpt":{"rendered":"<p>A comunidade de Taquari realizou um evento no \u00faltimo fim de semana para homenagear Santa Rosa. A a\u00e7\u00e3o foi organizada<\/p>\n","protected":false},"author":12,"featured_media":15352,"comment_status":"closed","ping_status":"closed","sticky":false,"template":"","format":"standard","meta":{"footnotes":""},"categories":[4,9],"tags":[],"class_list":["post-15350","post","type-post","status-publish","format-standard","has-post-thumbnail","hentry","category-noticias","category-gabinete-do-vice-prefeito"],"aioseo_notices":[],"_links":{"self":[{"href":"https:\/\/prefeitura.santarosa.rs.gov.br\/index.php?rest_route=\/wp\/v2\/posts\/15350","targetHints":{"allow":["GET"]}}],"collection":[{"href":"https:\/\/prefeitura.santarosa.rs.gov.br\/index.php?rest_route=\/wp\/v2\/posts"}],"about":[{"href":"https:\/\/prefeitura.santarosa.rs.gov.br\/index.php?rest_route=\/wp\/v2\/types\/post"}],"author":[{"embeddable":true,"href":"https:\/\/prefeitura.santarosa.rs.gov.br\/index.php?rest_route=\/wp\/v2\/users\/12"}],"replies":[{"embeddable":true,"href":"https:\/\/prefeitura.santarosa.rs.gov.br\/index.php?rest_route=%2Fwp%2Fv2%2Fcomments&post=15350"}],"version-history":[{"count":1,"href":"https:\/\/prefeitura.santarosa.rs.gov.br\/index.php?rest_route=\/wp\/v2\/posts\/15350\/revisions"}],"predecessor-version":[{"id":15353,"href":"https:\/\/prefeitura.santarosa.rs.gov.br\/index.php?rest_route=\/wp\/v2\/posts\/15350\/revisions\/15353"}],"wp:featuredmedia":[{"embeddable":true,"href":"https:\/\/prefeitura.santarosa.rs.gov.br\/index.php?rest_route=\/wp\/v2\/media\/15352"}],"wp:attachment":[{"href":"https:\/\/prefeitura.santarosa.rs.gov.br\/index.php?rest_route=%2Fwp%2Fv2%2Fmedia&parent=15350"}],"wp:term":[{"taxonomy":"category","embeddable":true,"href":"https:\/\/prefeitura.santarosa.rs.gov.br\/index.php?rest_route=%2Fwp%2Fv2%2Fcategories&post=15350"},{"taxonomy":"post_tag","embeddable":true,"href":"https:\/\/prefeitura.santarosa.rs.gov.br\/index.php?rest_route=%2Fwp%2Fv2%2Ftags&post=15350"}],"curies":[{"name":"wp","href":"https:\/\/api.w.org\/{rel}","templated":true}]}}