{"id":15342,"date":"2025-10-20T14:34:52","date_gmt":"2025-10-20T17:34:52","guid":{"rendered":"https:\/\/prefeitura.santarosa.rs.gov.br\/?p=15342"},"modified":"2025-10-20T14:34:52","modified_gmt":"2025-10-20T17:34:52","slug":"licitado-o-terminal-do-novo-aeroporto-de-santa-rosa","status":"publish","type":"post","link":"https:\/\/prefeitura.santarosa.rs.gov.br\/?p=15342","title":{"rendered":"Licitado o Terminal do novo Aeroporto de Santa Rosa"},"content":{"rendered":"\n<figure class=\"wp-block-image size-large\"><img fetchpriority=\"high\" decoding=\"async\" width=\"1024\" height=\"575\" src=\"https:\/\/prefeitura.santarosa.rs.gov.br\/wp-content\/uploads\/2025\/10\/WhatsApp-Image-2025-10-20-at-14.06.15-1024x575.jpeg\" alt=\"\" class=\"wp-image-15343\" srcset=\"https:\/\/prefeitura.santarosa.rs.gov.br\/wp-content\/uploads\/2025\/10\/WhatsApp-Image-2025-10-20-at-14.06.15-1024x575.jpeg 1024w, https:\/\/prefeitura.santarosa.rs.gov.br\/wp-content\/uploads\/2025\/10\/WhatsApp-Image-2025-10-20-at-14.06.15-300x169.jpeg 300w, https:\/\/prefeitura.santarosa.rs.gov.br\/wp-content\/uploads\/2025\/10\/WhatsApp-Image-2025-10-20-at-14.06.15-768x432.jpeg 768w, https:\/\/prefeitura.santarosa.rs.gov.br\/wp-content\/uploads\/2025\/10\/WhatsApp-Image-2025-10-20-at-14.06.15-1536x863.jpeg 1536w, https:\/\/prefeitura.santarosa.rs.gov.br\/wp-content\/uploads\/2025\/10\/WhatsApp-Image-2025-10-20-at-14.06.15.jpeg 1600w\" sizes=\"(max-width: 1024px) 100vw, 1024px\" \/><\/figure>\n\n\n\n<p>O Prefeito Anderson Mantei garantiu o andamento da obra do Terminal de Passageiros do novo Aeroporto com recursos pr\u00f3prios da Prefeitura. O investimento ser\u00e1 de mais de R$ 16 milh\u00f5es. A licita\u00e7\u00e3o ocorreu nesta segunda-feira. Tr\u00eas empresas participaram do processo que ainda est\u00e1 seguindo os tramites internos.&nbsp;<\/p>\n\n\n\n<p>O novo espa\u00e7o ser\u00e1 onze vezes maior do que o antigo terminal. O novo terminal ter\u00e1 1.447 metros quadrados de \u00e1rea constru\u00edda, substituindo a atual estrutura de apenas 132 metros quadrados. O projeto contempla um sagu\u00e3o de acesso com mais de 300 metros quadrados, uma \u00e1rea de embarque com cerca de 270 metros quadrados, al\u00e9m de uma \u00e1rea de desembarque com mais de 200 metros quadrados equipada com esteira de bagagens. O Prefeito Anderson Mantei destaca o empenho da gest\u00e3o em garantir que o projeto esteja alinhado \u00e0s exig\u00eancias da avia\u00e7\u00e3o civil nacional, \u201cO projeto foi cuidadosamente elaborado e j\u00e1 conta com a aprova\u00e7\u00e3o da Secretaria Nacional de Avia\u00e7\u00e3o Civil (SAC). Com todo o trabalho de gest\u00e3o que vem sendo realizado, hoje podemos garantir esta obra com recursos pr\u00f3prios. O novo Aeroporto j\u00e1 \u00e9 uma realidade para nossa comunidade regional\u201d.&nbsp;<\/p>\n\n\n\n<p>A estrutura contar\u00e1 ainda com sanit\u00e1rios acess\u00edveis, incluindo sanit\u00e1rios adaptados para pessoas com defici\u00eancia, espa\u00e7os destinados \u00e0 tripula\u00e7\u00e3o e companhias a\u00e9reas, setores espec\u00edficos para \u00f3rg\u00e3os p\u00fablicos como a Receita Federal e \u00e1reas da Prefeitura, al\u00e9m de uma \u00e1rea de vistoria com equipamentos de raio-X para inspe\u00e7\u00e3o de bagagens e passageiros. A nova fachada seguir\u00e1 o modelo de projeto padr\u00e3o da SAC, com adapta\u00e7\u00f5es no layout interno para atender \u00e0s necessidades operacionais e de fluxo do aeroporto de Santa Rosa. A obra deve come\u00e7ar ainda esse ano.<\/p>\n","protected":false},"excerpt":{"rendered":"<p>O Prefeito Anderson Mantei garantiu o andamento da obra do Terminal de Passageiros do novo Aeroporto com recursos pr\u00f3prios da<\/p>\n","protected":false},"author":12,"featured_media":15344,"comment_status":"closed","ping_status":"closed","sticky":false,"template":"","format":"standard","meta":{"footnotes":""},"categories":[4,22],"tags":[],"class_list":["post-15342","post","type-post","status-publish","format-standard","has-post-thumbnail","hentry","category-noticias","category-secretaria-municipal-de-planejamento-e-habitacao"],"aioseo_notices":[],"_links":{"self":[{"href":"https:\/\/prefeitura.santarosa.rs.gov.br\/index.php?rest_route=\/wp\/v2\/posts\/15342","targetHints":{"allow":["GET"]}}],"collection":[{"href":"https:\/\/prefeitura.santarosa.rs.gov.br\/index.php?rest_route=\/wp\/v2\/posts"}],"about":[{"href":"https:\/\/prefeitura.santarosa.rs.gov.br\/index.php?rest_route=\/wp\/v2\/types\/post"}],"author":[{"embeddable":true,"href":"https:\/\/prefeitura.santarosa.rs.gov.br\/index.php?rest_route=\/wp\/v2\/users\/12"}],"replies":[{"embeddable":true,"href":"https:\/\/prefeitura.santarosa.rs.gov.br\/index.php?rest_route=%2Fwp%2Fv2%2Fcomments&post=15342"}],"version-history":[{"count":1,"href":"https:\/\/prefeitura.santarosa.rs.gov.br\/index.php?rest_route=\/wp\/v2\/posts\/15342\/revisions"}],"predecessor-version":[{"id":15345,"href":"https:\/\/prefeitura.santarosa.rs.gov.br\/index.php?rest_route=\/wp\/v2\/posts\/15342\/revisions\/15345"}],"wp:featuredmedia":[{"embeddable":true,"href":"https:\/\/prefeitura.santarosa.rs.gov.br\/index.php?rest_route=\/wp\/v2\/media\/15344"}],"wp:attachment":[{"href":"https:\/\/prefeitura.santarosa.rs.gov.br\/index.php?rest_route=%2Fwp%2Fv2%2Fmedia&parent=15342"}],"wp:term":[{"taxonomy":"category","embeddable":true,"href":"https:\/\/prefeitura.santarosa.rs.gov.br\/index.php?rest_route=%2Fwp%2Fv2%2Fcategories&post=15342"},{"taxonomy":"post_tag","embeddable":true,"href":"https:\/\/prefeitura.santarosa.rs.gov.br\/index.php?rest_route=%2Fwp%2Fv2%2Ftags&post=15342"}],"curies":[{"name":"wp","href":"https:\/\/api.w.org\/{rel}","templated":true}]}}