{"id":15256,"date":"2025-10-10T07:41:30","date_gmt":"2025-10-10T10:41:30","guid":{"rendered":"https:\/\/prefeitura.santarosa.rs.gov.br\/?p=15256"},"modified":"2025-10-13T07:51:17","modified_gmt":"2025-10-13T10:51:17","slug":"senador-heinze-reune-liderancas-para-tratar-sobre-projeto-de-armazenamento-de-agua","status":"publish","type":"post","link":"https:\/\/prefeitura.santarosa.rs.gov.br\/?p=15256","title":{"rendered":"Senador Heinze re\u00fane lideran\u00e7as para tratar sobre projeto de armazenamento de \u00e1gua"},"content":{"rendered":"\n<figure class=\"wp-block-image size-large\"><img fetchpriority=\"high\" decoding=\"async\" width=\"1024\" height=\"576\" src=\"https:\/\/prefeitura.santarosa.rs.gov.br\/wp-content\/uploads\/2025\/10\/WhatsApp-Image-2025-10-10-at-17.30.48-1024x576.jpeg\" alt=\"\" class=\"wp-image-15257\" srcset=\"https:\/\/prefeitura.santarosa.rs.gov.br\/wp-content\/uploads\/2025\/10\/WhatsApp-Image-2025-10-10-at-17.30.48-1024x576.jpeg 1024w, https:\/\/prefeitura.santarosa.rs.gov.br\/wp-content\/uploads\/2025\/10\/WhatsApp-Image-2025-10-10-at-17.30.48-300x169.jpeg 300w, https:\/\/prefeitura.santarosa.rs.gov.br\/wp-content\/uploads\/2025\/10\/WhatsApp-Image-2025-10-10-at-17.30.48-768x432.jpeg 768w, https:\/\/prefeitura.santarosa.rs.gov.br\/wp-content\/uploads\/2025\/10\/WhatsApp-Image-2025-10-10-at-17.30.48-1536x864.jpeg 1536w, https:\/\/prefeitura.santarosa.rs.gov.br\/wp-content\/uploads\/2025\/10\/WhatsApp-Image-2025-10-10-at-17.30.48.jpeg 1600w\" sizes=\"(max-width: 1024px) 100vw, 1024px\" \/><\/figure>\n\n\n\n<p>Na manh\u00e3 desta&nbsp;sexta-feira, o senador Luis Carlos Heinze reuniu prefeitos, entidades e sindicatos para tratar sobre o projeto de armazenamento de \u00e1gua. Santa Rosa est\u00e1 entre as cidades contempladas e j\u00e1 est\u00e1 realizando estudos e a\u00e7\u00f5es para implementar melhorias para comunidades do interior.<\/p>\n\n\n\n<p>A proposta \u00e9 ampliar a seguran\u00e7a h\u00eddrica no munic\u00edpio, beneficiando especialmente a agricultura e o abastecimento em per\u00edodos de estiagem. Durante a atividade desta manh\u00e3, o prefeito destacou que esse \u00e9 um projeto fundamental e que a Prefeitura est\u00e1 realmente empenhada em implementar a proposta.<\/p>\n\n\n\n<p>A Prefeitura contratou uma equipe para dar andamento. A inten\u00e7\u00e3o \u00e9 a constru\u00e7\u00e3o de reservat\u00f3rios para acumula\u00e7\u00e3o de \u00e1gua com usos m\u00faltiplos. A base para a pesquisa inicial foi desenvolvida a partir de um estudo realizado por um grupo de profissionais, entre eles professores da Universidade Federal do Rio Grande do Sul (UFRGS). O trabalho inicial foi custeado por meio de uma emenda parlamentar do Senador Lu\u00eds Carlos Heinze, no valor de R$ 100 mil.<\/p>\n","protected":false},"excerpt":{"rendered":"<p>Na manh\u00e3 desta&nbsp;sexta-feira, o senador Luis Carlos Heinze reuniu prefeitos, entidades e sindicatos para tratar sobre o projeto de armazenamento<\/p>\n","protected":false},"author":12,"featured_media":15258,"comment_status":"closed","ping_status":"closed","sticky":false,"template":"","format":"standard","meta":{"footnotes":""},"categories":[4,14],"tags":[],"class_list":["post-15256","post","type-post","status-publish","format-standard","has-post-thumbnail","hentry","category-noticias","category-secretaria-municipal-de-agricultura"],"aioseo_notices":[],"_links":{"self":[{"href":"https:\/\/prefeitura.santarosa.rs.gov.br\/index.php?rest_route=\/wp\/v2\/posts\/15256","targetHints":{"allow":["GET"]}}],"collection":[{"href":"https:\/\/prefeitura.santarosa.rs.gov.br\/index.php?rest_route=\/wp\/v2\/posts"}],"about":[{"href":"https:\/\/prefeitura.santarosa.rs.gov.br\/index.php?rest_route=\/wp\/v2\/types\/post"}],"author":[{"embeddable":true,"href":"https:\/\/prefeitura.santarosa.rs.gov.br\/index.php?rest_route=\/wp\/v2\/users\/12"}],"replies":[{"embeddable":true,"href":"https:\/\/prefeitura.santarosa.rs.gov.br\/index.php?rest_route=%2Fwp%2Fv2%2Fcomments&post=15256"}],"version-history":[{"count":1,"href":"https:\/\/prefeitura.santarosa.rs.gov.br\/index.php?rest_route=\/wp\/v2\/posts\/15256\/revisions"}],"predecessor-version":[{"id":15259,"href":"https:\/\/prefeitura.santarosa.rs.gov.br\/index.php?rest_route=\/wp\/v2\/posts\/15256\/revisions\/15259"}],"wp:featuredmedia":[{"embeddable":true,"href":"https:\/\/prefeitura.santarosa.rs.gov.br\/index.php?rest_route=\/wp\/v2\/media\/15258"}],"wp:attachment":[{"href":"https:\/\/prefeitura.santarosa.rs.gov.br\/index.php?rest_route=%2Fwp%2Fv2%2Fmedia&parent=15256"}],"wp:term":[{"taxonomy":"category","embeddable":true,"href":"https:\/\/prefeitura.santarosa.rs.gov.br\/index.php?rest_route=%2Fwp%2Fv2%2Fcategories&post=15256"},{"taxonomy":"post_tag","embeddable":true,"href":"https:\/\/prefeitura.santarosa.rs.gov.br\/index.php?rest_route=%2Fwp%2Fv2%2Ftags&post=15256"}],"curies":[{"name":"wp","href":"https:\/\/api.w.org\/{rel}","templated":true}]}}