{"id":15238,"date":"2025-10-08T08:36:23","date_gmt":"2025-10-08T11:36:23","guid":{"rendered":"https:\/\/prefeitura.santarosa.rs.gov.br\/?p=15238"},"modified":"2025-10-08T08:36:23","modified_gmt":"2025-10-08T11:36:23","slug":"festa-da-crianca-2025","status":"publish","type":"post","link":"https:\/\/prefeitura.santarosa.rs.gov.br\/?p=15238","title":{"rendered":"Festa da Crian\u00e7a\u00a0 2025"},"content":{"rendered":"\n<figure class=\"wp-block-image size-large\"><img fetchpriority=\"high\" decoding=\"async\" width=\"1024\" height=\"768\" src=\"https:\/\/prefeitura.santarosa.rs.gov.br\/wp-content\/uploads\/2025\/10\/WhatsApp-Image-2025-10-07-at-23.07.59-1024x768.jpeg\" alt=\"\" class=\"wp-image-15239\" srcset=\"https:\/\/prefeitura.santarosa.rs.gov.br\/wp-content\/uploads\/2025\/10\/WhatsApp-Image-2025-10-07-at-23.07.59-1024x768.jpeg 1024w, https:\/\/prefeitura.santarosa.rs.gov.br\/wp-content\/uploads\/2025\/10\/WhatsApp-Image-2025-10-07-at-23.07.59-300x225.jpeg 300w, https:\/\/prefeitura.santarosa.rs.gov.br\/wp-content\/uploads\/2025\/10\/WhatsApp-Image-2025-10-07-at-23.07.59-768x576.jpeg 768w, https:\/\/prefeitura.santarosa.rs.gov.br\/wp-content\/uploads\/2025\/10\/WhatsApp-Image-2025-10-07-at-23.07.59-1536x1152.jpeg 1536w, https:\/\/prefeitura.santarosa.rs.gov.br\/wp-content\/uploads\/2025\/10\/WhatsApp-Image-2025-10-07-at-23.07.59-2048x1536.jpeg 2048w\" sizes=\"(max-width: 1024px) 100vw, 1024px\" \/><\/figure>\n\n\n\n<p>No \u00faltimo&nbsp;domingo, a Prefeitura realizou a festa \u201cESTA\u00c7\u00c3O DA ALEGRIA\u201d em homenagem ao dia da crian\u00e7a. O evento ocorreu na Pra\u00e7a Livio Cecconi, no Bairro Planalto.<\/p>\n\n\n\n<p>O evento foi promovido em parceria com o Rotaract Club Santa Rosa, Rotary Club Cruzeiro, Interact Clube e pelo Programa Crian\u00e7a Feliz desenvolvido pela Secretaria Municipal de Desenvolvimento Social.<\/p>\n\n\n\n<p>Durante a tarde, foram realizadas diversas atividades para as crian\u00e7as como: brinquedos infl\u00e1veis, esta\u00e7\u00e3o de pintura de rosto (parceria com o curso Magist\u00e9rio do Cairu), circuito (desenvolvido pelo Curso de Educa\u00e7\u00e3o F\u00edsica da Unijui), escolinha de Tr\u00e2nsito da Prefeitura Municipal, pintura de cabelo com spray colorido e diversas atividades pedag\u00f3gicas desenvolvidas pelo Programa Crian\u00e7a Feliz. A a\u00e7\u00e3o tamb\u00e9m contou com um trenzinho disponibilizado pelo parceiro Birck Agr\u00edcola. Segundo a Secretaria de Desenvolvimento Social, Rita Strasser, \u201cEsse foi um momento de celebrarmos a vida e os direitos de todas as crian\u00e7as. A festa foi um verdadeiro sucesso, reunindo mais de 300 pessoas em um evento cheio de alegria, divers\u00e3o e momentos especiais. Foi uma celebra\u00e7\u00e3o pensada com muito carinho para homenagear quem enche nossas vidas de cor e energia: as nossas crian\u00e7as\u201d finaliza Rita. As crian\u00e7as tamb\u00e9m saborearam lanches, al\u00e9m de sucos e&nbsp; refrigerantes. Tamb\u00e9m foram presenteados com um pacotinho de doces.<\/p>\n","protected":false},"excerpt":{"rendered":"<p>No \u00faltimo&nbsp;domingo, a Prefeitura realizou a festa \u201cESTA\u00c7\u00c3O DA ALEGRIA\u201d em homenagem ao dia da crian\u00e7a. O evento ocorreu na<\/p>\n","protected":false},"author":12,"featured_media":15240,"comment_status":"closed","ping_status":"closed","sticky":false,"template":"","format":"standard","meta":{"footnotes":""},"categories":[4,17],"tags":[],"class_list":["post-15238","post","type-post","status-publish","format-standard","has-post-thumbnail","hentry","category-noticias","category-secretaria-municipal-de-desenvolvimento-social"],"aioseo_notices":[],"_links":{"self":[{"href":"https:\/\/prefeitura.santarosa.rs.gov.br\/index.php?rest_route=\/wp\/v2\/posts\/15238","targetHints":{"allow":["GET"]}}],"collection":[{"href":"https:\/\/prefeitura.santarosa.rs.gov.br\/index.php?rest_route=\/wp\/v2\/posts"}],"about":[{"href":"https:\/\/prefeitura.santarosa.rs.gov.br\/index.php?rest_route=\/wp\/v2\/types\/post"}],"author":[{"embeddable":true,"href":"https:\/\/prefeitura.santarosa.rs.gov.br\/index.php?rest_route=\/wp\/v2\/users\/12"}],"replies":[{"embeddable":true,"href":"https:\/\/prefeitura.santarosa.rs.gov.br\/index.php?rest_route=%2Fwp%2Fv2%2Fcomments&post=15238"}],"version-history":[{"count":1,"href":"https:\/\/prefeitura.santarosa.rs.gov.br\/index.php?rest_route=\/wp\/v2\/posts\/15238\/revisions"}],"predecessor-version":[{"id":15241,"href":"https:\/\/prefeitura.santarosa.rs.gov.br\/index.php?rest_route=\/wp\/v2\/posts\/15238\/revisions\/15241"}],"wp:featuredmedia":[{"embeddable":true,"href":"https:\/\/prefeitura.santarosa.rs.gov.br\/index.php?rest_route=\/wp\/v2\/media\/15240"}],"wp:attachment":[{"href":"https:\/\/prefeitura.santarosa.rs.gov.br\/index.php?rest_route=%2Fwp%2Fv2%2Fmedia&parent=15238"}],"wp:term":[{"taxonomy":"category","embeddable":true,"href":"https:\/\/prefeitura.santarosa.rs.gov.br\/index.php?rest_route=%2Fwp%2Fv2%2Fcategories&post=15238"},{"taxonomy":"post_tag","embeddable":true,"href":"https:\/\/prefeitura.santarosa.rs.gov.br\/index.php?rest_route=%2Fwp%2Fv2%2Ftags&post=15238"}],"curies":[{"name":"wp","href":"https:\/\/api.w.org\/{rel}","templated":true}]}}