{"id":15228,"date":"2025-10-06T09:23:44","date_gmt":"2025-10-06T12:23:44","guid":{"rendered":"https:\/\/prefeitura.santarosa.rs.gov.br\/?p=15228"},"modified":"2025-10-06T09:23:45","modified_gmt":"2025-10-06T12:23:45","slug":"12a-edicao-da-revista-escritas-reflexivas","status":"publish","type":"post","link":"https:\/\/prefeitura.santarosa.rs.gov.br\/?p=15228","title":{"rendered":"12\u00aa edi\u00e7\u00e3o da Revista Escritas Reflexivas"},"content":{"rendered":"\n<figure class=\"wp-block-image size-large\"><img fetchpriority=\"high\" decoding=\"async\" width=\"1024\" height=\"576\" src=\"https:\/\/prefeitura.santarosa.rs.gov.br\/wp-content\/uploads\/2025\/10\/WhatsApp-Image-2025-10-06-at-09.14.01-1024x576.jpeg\" alt=\"\" class=\"wp-image-15229\" srcset=\"https:\/\/prefeitura.santarosa.rs.gov.br\/wp-content\/uploads\/2025\/10\/WhatsApp-Image-2025-10-06-at-09.14.01-1024x576.jpeg 1024w, https:\/\/prefeitura.santarosa.rs.gov.br\/wp-content\/uploads\/2025\/10\/WhatsApp-Image-2025-10-06-at-09.14.01-300x169.jpeg 300w, https:\/\/prefeitura.santarosa.rs.gov.br\/wp-content\/uploads\/2025\/10\/WhatsApp-Image-2025-10-06-at-09.14.01-768x432.jpeg 768w, https:\/\/prefeitura.santarosa.rs.gov.br\/wp-content\/uploads\/2025\/10\/WhatsApp-Image-2025-10-06-at-09.14.01-1536x864.jpeg 1536w, https:\/\/prefeitura.santarosa.rs.gov.br\/wp-content\/uploads\/2025\/10\/WhatsApp-Image-2025-10-06-at-09.14.01-2048x1152.jpeg 2048w\" sizes=\"(max-width: 1024px) 100vw, 1024px\" \/><\/figure>\n\n\n\n<p>Prefeitura realizou o lan\u00e7amento da 12\u00aa edi\u00e7\u00e3o da Revista Escritas Reflexivas. O material \u00e9 publicado todo ano pelos professores da Rede Municipal de Ensino de Santa Rosa. Estiveram presentes no momento do lan\u00e7amento, o vice-prefeito municipal Aldemir Ulrich, a Secret\u00e1ria de Educa\u00e7\u00e3o e Cultura Josyane Heck, comiss\u00e3o de pareceristas da revista, conselho editorial e autores da edi\u00e7\u00e3o.<\/p>\n\n\n\n<p>&nbsp; &nbsp; &nbsp; A Revista Escritas Reflexivas, institu\u00edda pelo Decreto n.\u00ba 239, de 21 de dezembro de 2012, publicada pelo munic\u00edpio de Santa Rosa, atrav\u00e9s da Secretaria Municipal de Educa\u00e7\u00e3o e Cultura. Este \u00e9 um projeto de car\u00e1ter informativo de pr\u00e1ticas pedag\u00f3gicas das diferentes \u00e1reas do conhecimento que contemplam o curr\u00edculo escolar. Na revista tamb\u00e9m conta com pr\u00e1ticas pedag\u00f3gicas interdisciplinares, sem fins lucrativos, fundado e composto por comiss\u00e3o de professores municipais em colabora\u00e7\u00e3o com profissionais de outras institui\u00e7\u00f5es.&nbsp; A partir de 2024, passa a ser regida pelo decreto n\u00ba 75, de 24 de maio de 2024.<\/p>\n\n\n\n<p>&nbsp; &nbsp; &nbsp; &nbsp; &nbsp; &nbsp; No ano de 2025, s\u00e3o apresentados 18 trabalhos, com 26 autores, dentre estes, relatos de experi\u00eancias, artigos e resenhas que trazem reflex\u00f5es sobre a Educa\u00e7\u00e3o Infantil, Anos Iniciais e Finais do Ensino Fundamental, Orienta\u00e7\u00e3o Educacional, Avalia\u00e7\u00e3o, Ensino de Ci\u00eancias, Indisciplina Escolar, Estudo de Filosofia, Intelig\u00eancia Artificial e Ensino-aprendizagem.<\/p>\n\n\n\n<p>A Revista Escritas Reflexivas est\u00e1 dispon\u00edvel do site da Prefeitura de Santa Rosa, na p\u00e1gina da Secretaria de Educa\u00e7\u00e3o e Cultura, atrav\u00e9s do endere\u00e7o eletr\u00f4nico:&nbsp;<a href=\"https:\/\/prefeitura.santarosa.rs.gov.br\/?page_id=202\">https:\/\/prefeitura.santarosa.rs.gov.br\/?page_id=202<\/a>.<\/p>\n","protected":false},"excerpt":{"rendered":"<p>Prefeitura realizou o lan\u00e7amento da 12\u00aa edi\u00e7\u00e3o da Revista Escritas Reflexivas. O material \u00e9 publicado todo ano pelos professores da<\/p>\n","protected":false},"author":12,"featured_media":15230,"comment_status":"closed","ping_status":"closed","sticky":false,"template":"","format":"standard","meta":{"footnotes":""},"categories":[4,18],"tags":[],"class_list":["post-15228","post","type-post","status-publish","format-standard","has-post-thumbnail","hentry","category-noticias","category-secretaria-municipal-de-educacao-e-cultura"],"aioseo_notices":[],"_links":{"self":[{"href":"https:\/\/prefeitura.santarosa.rs.gov.br\/index.php?rest_route=\/wp\/v2\/posts\/15228","targetHints":{"allow":["GET"]}}],"collection":[{"href":"https:\/\/prefeitura.santarosa.rs.gov.br\/index.php?rest_route=\/wp\/v2\/posts"}],"about":[{"href":"https:\/\/prefeitura.santarosa.rs.gov.br\/index.php?rest_route=\/wp\/v2\/types\/post"}],"author":[{"embeddable":true,"href":"https:\/\/prefeitura.santarosa.rs.gov.br\/index.php?rest_route=\/wp\/v2\/users\/12"}],"replies":[{"embeddable":true,"href":"https:\/\/prefeitura.santarosa.rs.gov.br\/index.php?rest_route=%2Fwp%2Fv2%2Fcomments&post=15228"}],"version-history":[{"count":1,"href":"https:\/\/prefeitura.santarosa.rs.gov.br\/index.php?rest_route=\/wp\/v2\/posts\/15228\/revisions"}],"predecessor-version":[{"id":15231,"href":"https:\/\/prefeitura.santarosa.rs.gov.br\/index.php?rest_route=\/wp\/v2\/posts\/15228\/revisions\/15231"}],"wp:featuredmedia":[{"embeddable":true,"href":"https:\/\/prefeitura.santarosa.rs.gov.br\/index.php?rest_route=\/wp\/v2\/media\/15230"}],"wp:attachment":[{"href":"https:\/\/prefeitura.santarosa.rs.gov.br\/index.php?rest_route=%2Fwp%2Fv2%2Fmedia&parent=15228"}],"wp:term":[{"taxonomy":"category","embeddable":true,"href":"https:\/\/prefeitura.santarosa.rs.gov.br\/index.php?rest_route=%2Fwp%2Fv2%2Fcategories&post=15228"},{"taxonomy":"post_tag","embeddable":true,"href":"https:\/\/prefeitura.santarosa.rs.gov.br\/index.php?rest_route=%2Fwp%2Fv2%2Ftags&post=15228"}],"curies":[{"name":"wp","href":"https:\/\/api.w.org\/{rel}","templated":true}]}}