{"id":15119,"date":"2025-09-23T17:11:14","date_gmt":"2025-09-23T20:11:14","guid":{"rendered":"https:\/\/prefeitura.santarosa.rs.gov.br\/?p=15119"},"modified":"2025-09-23T17:11:15","modified_gmt":"2025-09-23T20:11:15","slug":"vila-santa-ines-tera-asfalto-em-todas-as-ruas","status":"publish","type":"post","link":"https:\/\/prefeitura.santarosa.rs.gov.br\/?p=15119","title":{"rendered":"Vila Santa In\u00eas\u00a0ter\u00e1 asfalto em todas as ruas"},"content":{"rendered":"\n<figure class=\"wp-block-image size-large\"><img fetchpriority=\"high\" decoding=\"async\" width=\"1024\" height=\"756\" src=\"https:\/\/prefeitura.santarosa.rs.gov.br\/wp-content\/uploads\/2025\/09\/WhatsApp-Image-2025-09-23-at-14.55.49-1024x756.jpeg\" alt=\"\" class=\"wp-image-15120\" srcset=\"https:\/\/prefeitura.santarosa.rs.gov.br\/wp-content\/uploads\/2025\/09\/WhatsApp-Image-2025-09-23-at-14.55.49-1024x756.jpeg 1024w, https:\/\/prefeitura.santarosa.rs.gov.br\/wp-content\/uploads\/2025\/09\/WhatsApp-Image-2025-09-23-at-14.55.49-300x222.jpeg 300w, https:\/\/prefeitura.santarosa.rs.gov.br\/wp-content\/uploads\/2025\/09\/WhatsApp-Image-2025-09-23-at-14.55.49-768x567.jpeg 768w, https:\/\/prefeitura.santarosa.rs.gov.br\/wp-content\/uploads\/2025\/09\/WhatsApp-Image-2025-09-23-at-14.55.49-1536x1134.jpeg 1536w, https:\/\/prefeitura.santarosa.rs.gov.br\/wp-content\/uploads\/2025\/09\/WhatsApp-Image-2025-09-23-at-14.55.49-2048x1512.jpeg 2048w\" sizes=\"(max-width: 1024px) 100vw, 1024px\" \/><\/figure>\n\n\n\n<p>As obras de pavimenta\u00e7\u00e3o seguem sendo realizadas em todas as comunidades de Santa Rosa. Melhorar a infraestrutura do munic\u00edpio \u00e9 uma das prioridades do Governo Municipal, que vem realizando muitos investimentos nesse setor. Nesta semana, mais uma ordem de in\u00edcio foi assinada pelo Prefeito Anderson Mantei, juntamente com os vereadores. A Vila Santa In\u00eas ser\u00e1 contemplada com asfalto em todas as ruas.&nbsp;<\/p>\n\n\n\n<p>Nos pr\u00f3ximos 3 meses, 6.232 m\u00b2 receber\u00e3o pavimenta\u00e7\u00e3o asf\u00e1ltica. Ser\u00e3o contempladas as ruas: Rua Pl\u00e1tanos, Paris, Travessa 1, Travessa 2 e Palmitos. Segundo o Prefeito Anderson Mantei, \u201cPrometemos seguir investindo na infraestrutura do munic\u00edpio, temos muito que melhorar ainda, mas estamos buscando contemplar todas as comunidades da cidade e do interior com melhorias. Agora, os moradores da Santa In\u00eas ser\u00e3o contemplados e&nbsp;ter\u00e3o mais qualidade para a mobilidade\u201d.&nbsp;<\/p>\n\n\n\n<p>As obras contam com recurso de emenda do Deputado Federal Osmar Terra. O investimento passa de R$ 840 mil reais. A obra contempla reforma de bocas de lobo existentes, execu\u00e7\u00e3o de sarjetas de concreto, pavimenta\u00e7\u00e3o asf\u00e1ltica sobre cal\u00e7amento e sinaliza\u00e7\u00e3o vertical e horizontal.<\/p>\n","protected":false},"excerpt":{"rendered":"<p>As obras de pavimenta\u00e7\u00e3o seguem sendo realizadas em todas as comunidades de Santa Rosa. Melhorar a infraestrutura do munic\u00edpio \u00e9<\/p>\n","protected":false},"author":12,"featured_media":15121,"comment_status":"closed","ping_status":"closed","sticky":false,"template":"","format":"standard","meta":{"footnotes":""},"categories":[4,22],"tags":[],"class_list":["post-15119","post","type-post","status-publish","format-standard","has-post-thumbnail","hentry","category-noticias","category-secretaria-municipal-de-planejamento-e-habitacao"],"aioseo_notices":[],"_links":{"self":[{"href":"https:\/\/prefeitura.santarosa.rs.gov.br\/index.php?rest_route=\/wp\/v2\/posts\/15119","targetHints":{"allow":["GET"]}}],"collection":[{"href":"https:\/\/prefeitura.santarosa.rs.gov.br\/index.php?rest_route=\/wp\/v2\/posts"}],"about":[{"href":"https:\/\/prefeitura.santarosa.rs.gov.br\/index.php?rest_route=\/wp\/v2\/types\/post"}],"author":[{"embeddable":true,"href":"https:\/\/prefeitura.santarosa.rs.gov.br\/index.php?rest_route=\/wp\/v2\/users\/12"}],"replies":[{"embeddable":true,"href":"https:\/\/prefeitura.santarosa.rs.gov.br\/index.php?rest_route=%2Fwp%2Fv2%2Fcomments&post=15119"}],"version-history":[{"count":1,"href":"https:\/\/prefeitura.santarosa.rs.gov.br\/index.php?rest_route=\/wp\/v2\/posts\/15119\/revisions"}],"predecessor-version":[{"id":15122,"href":"https:\/\/prefeitura.santarosa.rs.gov.br\/index.php?rest_route=\/wp\/v2\/posts\/15119\/revisions\/15122"}],"wp:featuredmedia":[{"embeddable":true,"href":"https:\/\/prefeitura.santarosa.rs.gov.br\/index.php?rest_route=\/wp\/v2\/media\/15121"}],"wp:attachment":[{"href":"https:\/\/prefeitura.santarosa.rs.gov.br\/index.php?rest_route=%2Fwp%2Fv2%2Fmedia&parent=15119"}],"wp:term":[{"taxonomy":"category","embeddable":true,"href":"https:\/\/prefeitura.santarosa.rs.gov.br\/index.php?rest_route=%2Fwp%2Fv2%2Fcategories&post=15119"},{"taxonomy":"post_tag","embeddable":true,"href":"https:\/\/prefeitura.santarosa.rs.gov.br\/index.php?rest_route=%2Fwp%2Fv2%2Ftags&post=15119"}],"curies":[{"name":"wp","href":"https:\/\/api.w.org\/{rel}","templated":true}]}}