{"id":15109,"date":"2025-09-22T15:15:41","date_gmt":"2025-09-22T18:15:41","guid":{"rendered":"https:\/\/prefeitura.santarosa.rs.gov.br\/?p=15109"},"modified":"2025-09-22T15:15:42","modified_gmt":"2025-09-22T18:15:42","slug":"prefeitura-realiza-acoes-de-educacao-sobre-o-bem-estar-animal","status":"publish","type":"post","link":"https:\/\/prefeitura.santarosa.rs.gov.br\/?p=15109","title":{"rendered":"Prefeitura realiza a\u00e7\u00f5es de educa\u00e7\u00e3o sobre o Bem-Estar Animal"},"content":{"rendered":"\n<figure class=\"wp-block-image size-large\"><img fetchpriority=\"high\" decoding=\"async\" width=\"1024\" height=\"768\" src=\"https:\/\/prefeitura.santarosa.rs.gov.br\/wp-content\/uploads\/2025\/09\/WhatsApp-Image-2025-09-22-at-13.51.52-2-1024x768.jpeg\" alt=\"\" class=\"wp-image-15115\" srcset=\"https:\/\/prefeitura.santarosa.rs.gov.br\/wp-content\/uploads\/2025\/09\/WhatsApp-Image-2025-09-22-at-13.51.52-2-1024x768.jpeg 1024w, https:\/\/prefeitura.santarosa.rs.gov.br\/wp-content\/uploads\/2025\/09\/WhatsApp-Image-2025-09-22-at-13.51.52-2-300x225.jpeg 300w, https:\/\/prefeitura.santarosa.rs.gov.br\/wp-content\/uploads\/2025\/09\/WhatsApp-Image-2025-09-22-at-13.51.52-2-768x576.jpeg 768w, https:\/\/prefeitura.santarosa.rs.gov.br\/wp-content\/uploads\/2025\/09\/WhatsApp-Image-2025-09-22-at-13.51.52-2.jpeg 1280w\" sizes=\"(max-width: 1024px) 100vw, 1024px\" \/><\/figure>\n\n\n\n<p>Valorizar e proteger os animais. A Prefeitura est\u00e1 promovendo uma s\u00e9rie de a\u00e7\u00f5es educativas sobre bem-estar animal. As atividades est\u00e3o sendo realizadas em escolas da Rede Municipal. Essa etapa do projeto deve contemplar cerca de 500 crian\u00e7as.<\/p>\n\n\n\n<p>A primeira palestra ocorreu na manh\u00e3 desta segunda-feira (22), na Escola Marques do Herval. Realizaram a atividade a Coordenadora de Bem-Estar Animal, Cristiane Ferraz, o Veterin\u00e1rio Thiago Nicanor de Deus e o Policial Penal, Tiago Feltraco. A equipe falou sobre maus tratos aos animais e tamb\u00e9m sobre a import\u00e2ncia dos cuidados. Participaram crian\u00e7as de quinta e sexta s\u00e9rie. Segundo o Secret\u00e1rio de Meio Ambiente, Gustavo Foliatti, \u201cEssa \u00e9 mais uma das diversas a\u00e7\u00f5es que estamos realizando em prol da causa animal. Temos que come\u00e7ar esse trabalho de educa\u00e7\u00e3o pelas crian\u00e7as, pois s\u00e3o elas que v\u00e3o fazer a diferen\u00e7a no futuro da nossa sociedade\u201d.<\/p>\n\n\n\n<p>A equipe levou dois cachorros adestrados para que as crian\u00e7as tivessem contato com os animais, tendo oportunidade de interagir. Na oportunidade, as crian\u00e7as tamb\u00e9m tiraram d\u00favidas e contaram hist\u00f3rias. Na pr\u00f3xima semana, as a\u00e7\u00f5es v\u00e3o ser realizadas no Pelot\u00e3o Mirim.<\/p>\n","protected":false},"excerpt":{"rendered":"<p>Valorizar e proteger os animais. A Prefeitura est\u00e1 promovendo uma s\u00e9rie de a\u00e7\u00f5es educativas sobre bem-estar animal. As atividades est\u00e3o<\/p>\n","protected":false},"author":12,"featured_media":15116,"comment_status":"closed","ping_status":"closed","sticky":false,"template":"","format":"standard","meta":{"footnotes":""},"categories":[4,20],"tags":[],"class_list":["post-15109","post","type-post","status-publish","format-standard","has-post-thumbnail","hentry","category-noticias","category-secretaria-municipal-de-meio-ambiente"],"aioseo_notices":[],"_links":{"self":[{"href":"https:\/\/prefeitura.santarosa.rs.gov.br\/index.php?rest_route=\/wp\/v2\/posts\/15109","targetHints":{"allow":["GET"]}}],"collection":[{"href":"https:\/\/prefeitura.santarosa.rs.gov.br\/index.php?rest_route=\/wp\/v2\/posts"}],"about":[{"href":"https:\/\/prefeitura.santarosa.rs.gov.br\/index.php?rest_route=\/wp\/v2\/types\/post"}],"author":[{"embeddable":true,"href":"https:\/\/prefeitura.santarosa.rs.gov.br\/index.php?rest_route=\/wp\/v2\/users\/12"}],"replies":[{"embeddable":true,"href":"https:\/\/prefeitura.santarosa.rs.gov.br\/index.php?rest_route=%2Fwp%2Fv2%2Fcomments&post=15109"}],"version-history":[{"count":1,"href":"https:\/\/prefeitura.santarosa.rs.gov.br\/index.php?rest_route=\/wp\/v2\/posts\/15109\/revisions"}],"predecessor-version":[{"id":15117,"href":"https:\/\/prefeitura.santarosa.rs.gov.br\/index.php?rest_route=\/wp\/v2\/posts\/15109\/revisions\/15117"}],"wp:featuredmedia":[{"embeddable":true,"href":"https:\/\/prefeitura.santarosa.rs.gov.br\/index.php?rest_route=\/wp\/v2\/media\/15116"}],"wp:attachment":[{"href":"https:\/\/prefeitura.santarosa.rs.gov.br\/index.php?rest_route=%2Fwp%2Fv2%2Fmedia&parent=15109"}],"wp:term":[{"taxonomy":"category","embeddable":true,"href":"https:\/\/prefeitura.santarosa.rs.gov.br\/index.php?rest_route=%2Fwp%2Fv2%2Fcategories&post=15109"},{"taxonomy":"post_tag","embeddable":true,"href":"https:\/\/prefeitura.santarosa.rs.gov.br\/index.php?rest_route=%2Fwp%2Fv2%2Ftags&post=15109"}],"curies":[{"name":"wp","href":"https:\/\/api.w.org\/{rel}","templated":true}]}}