{"id":15091,"date":"2025-09-18T10:30:31","date_gmt":"2025-09-18T13:30:31","guid":{"rendered":"https:\/\/prefeitura.santarosa.rs.gov.br\/?p=15091"},"modified":"2025-09-18T10:30:31","modified_gmt":"2025-09-18T13:30:31","slug":"pronto-asfalto-de-candeia-que-liga-santa-rosa-a-tuparendi","status":"publish","type":"post","link":"https:\/\/prefeitura.santarosa.rs.gov.br\/?p=15091","title":{"rendered":"Pronto asfalto de Candeia que liga Santa Rosa a Tuparendi"},"content":{"rendered":"\n<figure class=\"wp-block-image size-large\"><img fetchpriority=\"high\" decoding=\"async\" width=\"1024\" height=\"768\" src=\"https:\/\/prefeitura.santarosa.rs.gov.br\/wp-content\/uploads\/2025\/09\/WhatsApp-Image-2025-09-18-at-10.19.56-1024x768.jpeg\" alt=\"\" class=\"wp-image-15092\" srcset=\"https:\/\/prefeitura.santarosa.rs.gov.br\/wp-content\/uploads\/2025\/09\/WhatsApp-Image-2025-09-18-at-10.19.56-1024x768.jpeg 1024w, https:\/\/prefeitura.santarosa.rs.gov.br\/wp-content\/uploads\/2025\/09\/WhatsApp-Image-2025-09-18-at-10.19.56-300x225.jpeg 300w, https:\/\/prefeitura.santarosa.rs.gov.br\/wp-content\/uploads\/2025\/09\/WhatsApp-Image-2025-09-18-at-10.19.56-768x576.jpeg 768w, https:\/\/prefeitura.santarosa.rs.gov.br\/wp-content\/uploads\/2025\/09\/WhatsApp-Image-2025-09-18-at-10.19.56.jpeg 1280w\" sizes=\"(max-width: 1024px) 100vw, 1024px\" \/><\/figure>\n\n\n\n<p>A Prefeitura de Santa Rosa segue avan\u00e7ando com importantes investimentos em infraestrutura no interior do munic\u00edpio. O vice-prefeito Aldemir Ulrich e os engenheiros Lu\u00eds Fernando Cad\u00f3 Marzari e Maur\u00edcio Lenz foram conferir a finaliza\u00e7\u00e3o dos servi\u00e7os na obra de asfalto na Esquina Candeia. A obra teve um investimento de mais de R$ 1 milh\u00e3o.<\/p>\n\n\n\n<p>Essa importante liga\u00e7\u00e3o entre Santa Rosa e Tuparendi era uma antiga demanda da comunidade. A obra de asfalto executada em uma \u00e1rea de 4.737,45 m\u00b2. Tamb\u00e9m foram realizados servi\u00e7os complementares como escava\u00e7\u00f5es, terraplanagem, execu\u00e7\u00e3o de base e sub-base com solo brita, sarjetas de concreto para drenagem pluvial e sinaliza\u00e7\u00e3o vi\u00e1ria (vertical e horizontal). O vice-prefeito Aldemir ressaltou que esta era uma importante demanda da popula\u00e7\u00e3o, \u201cEstamos fazendo muitas a\u00e7\u00f5es para o interior e esse \u00e9 um dos nossos principais compromissos. A pavimenta\u00e7\u00e3o da Esquina Candeia vai melhorar o acesso e dar mais seguran\u00e7a\u201d. A Prefeitura j\u00e1 realizou este ano cerca de 5km de pavimenta\u00e7\u00e3o.<\/p>\n","protected":false},"excerpt":{"rendered":"<p>A Prefeitura de Santa Rosa segue avan\u00e7ando com importantes investimentos em infraestrutura no interior do munic\u00edpio. O vice-prefeito Aldemir Ulrich<\/p>\n","protected":false},"author":12,"featured_media":15093,"comment_status":"closed","ping_status":"closed","sticky":false,"template":"","format":"standard","meta":{"footnotes":""},"categories":[4,22],"tags":[],"class_list":["post-15091","post","type-post","status-publish","format-standard","has-post-thumbnail","hentry","category-noticias","category-secretaria-municipal-de-planejamento-e-habitacao"],"aioseo_notices":[],"_links":{"self":[{"href":"https:\/\/prefeitura.santarosa.rs.gov.br\/index.php?rest_route=\/wp\/v2\/posts\/15091","targetHints":{"allow":["GET"]}}],"collection":[{"href":"https:\/\/prefeitura.santarosa.rs.gov.br\/index.php?rest_route=\/wp\/v2\/posts"}],"about":[{"href":"https:\/\/prefeitura.santarosa.rs.gov.br\/index.php?rest_route=\/wp\/v2\/types\/post"}],"author":[{"embeddable":true,"href":"https:\/\/prefeitura.santarosa.rs.gov.br\/index.php?rest_route=\/wp\/v2\/users\/12"}],"replies":[{"embeddable":true,"href":"https:\/\/prefeitura.santarosa.rs.gov.br\/index.php?rest_route=%2Fwp%2Fv2%2Fcomments&post=15091"}],"version-history":[{"count":1,"href":"https:\/\/prefeitura.santarosa.rs.gov.br\/index.php?rest_route=\/wp\/v2\/posts\/15091\/revisions"}],"predecessor-version":[{"id":15094,"href":"https:\/\/prefeitura.santarosa.rs.gov.br\/index.php?rest_route=\/wp\/v2\/posts\/15091\/revisions\/15094"}],"wp:featuredmedia":[{"embeddable":true,"href":"https:\/\/prefeitura.santarosa.rs.gov.br\/index.php?rest_route=\/wp\/v2\/media\/15093"}],"wp:attachment":[{"href":"https:\/\/prefeitura.santarosa.rs.gov.br\/index.php?rest_route=%2Fwp%2Fv2%2Fmedia&parent=15091"}],"wp:term":[{"taxonomy":"category","embeddable":true,"href":"https:\/\/prefeitura.santarosa.rs.gov.br\/index.php?rest_route=%2Fwp%2Fv2%2Fcategories&post=15091"},{"taxonomy":"post_tag","embeddable":true,"href":"https:\/\/prefeitura.santarosa.rs.gov.br\/index.php?rest_route=%2Fwp%2Fv2%2Ftags&post=15091"}],"curies":[{"name":"wp","href":"https:\/\/api.w.org\/{rel}","templated":true}]}}