{"id":15085,"date":"2025-09-18T09:35:37","date_gmt":"2025-09-18T12:35:37","guid":{"rendered":"https:\/\/prefeitura.santarosa.rs.gov.br\/?p=15085"},"modified":"2025-09-18T09:35:38","modified_gmt":"2025-09-18T12:35:38","slug":"estao-abertas-as-inscricoes-para-o-programa-operacao-terra-forte","status":"publish","type":"post","link":"https:\/\/prefeitura.santarosa.rs.gov.br\/?p=15085","title":{"rendered":"Est\u00e3o abertas as inscri\u00e7\u00f5es para o Programa OPERA\u00c7\u00c3O TERRA FORTE"},"content":{"rendered":"\n<figure class=\"wp-block-image size-large\"><img fetchpriority=\"high\" decoding=\"async\" width=\"1024\" height=\"691\" src=\"https:\/\/prefeitura.santarosa.rs.gov.br\/wp-content\/uploads\/2025\/09\/Formato-Portal-do-Cidadao-1600X1080JPG-24-1024x691.jpg\" alt=\"\" class=\"wp-image-15088\" srcset=\"https:\/\/prefeitura.santarosa.rs.gov.br\/wp-content\/uploads\/2025\/09\/Formato-Portal-do-Cidadao-1600X1080JPG-24-1024x691.jpg 1024w, https:\/\/prefeitura.santarosa.rs.gov.br\/wp-content\/uploads\/2025\/09\/Formato-Portal-do-Cidadao-1600X1080JPG-24-300x203.jpg 300w, https:\/\/prefeitura.santarosa.rs.gov.br\/wp-content\/uploads\/2025\/09\/Formato-Portal-do-Cidadao-1600X1080JPG-24-768x518.jpg 768w, https:\/\/prefeitura.santarosa.rs.gov.br\/wp-content\/uploads\/2025\/09\/Formato-Portal-do-Cidadao-1600X1080JPG-24-1536x1037.jpg 1536w, https:\/\/prefeitura.santarosa.rs.gov.br\/wp-content\/uploads\/2025\/09\/Formato-Portal-do-Cidadao-1600X1080JPG-24.jpg 1600w\" sizes=\"(max-width: 1024px) 100vw, 1024px\" \/><\/figure>\n\n\n\n<p>Programa este que ir\u00e1 aportar recursos para recupera\u00e7\u00e3o\u00a0 de solo e demais melhorias nas matrizes produtivas das propriedades rurais\u00a0 da agricultura familiar. O programa Terra Forte \u00e9 a maior iniciativa\u00a0 de recupera\u00e7\u00e3o de solos j\u00e1 proposta pelo governo\u00a0 do Estado para a Agricultura Familiar Ga\u00facha.<\/p>\n\n\n\n<p>O per\u00edodo de inscri\u00e7\u00f5es\u00a0 come\u00e7ou nesta\u00a0quarta-feira dia\u00a017 de setembro, e terminar\u00e1 no dia\u00a017 de outubro, tamb\u00e9m numa\u00a0quarta-feira.\u00a0Os produtores e produtoras\u00a0 de Santa Rosa\u00a0 interessados em se inscrever dever\u00e3o comparecer presencialmente\u00a0 no escrit\u00f3rio da Emater levando sua DAP ou CAF\u00a0 e documento de identidade. No local ir\u00e1 preencher formul\u00e1rio\u00a0 de inscri\u00e7\u00e3o\u00a0 com quest\u00f5es t\u00e9cnicas a responder.\u00a0<\/p>\n\n\n\n<p>A fim de prestar um bom atendimento\u00a0 nesta fase de inscri\u00e7\u00f5es, a Emater pede aos interessados que contatem o n\u00famero 99923 1160\u00a0 por telefone ou whatsapp para agendar e agilizar o atendimento.\u00a0<\/p>\n","protected":false},"excerpt":{"rendered":"<p>Programa este que ir\u00e1 aportar recursos para recupera\u00e7\u00e3o\u00a0 de solo e demais melhorias nas matrizes produtivas das propriedades rurais\u00a0 da<\/p>\n","protected":false},"author":12,"featured_media":15089,"comment_status":"closed","ping_status":"closed","sticky":false,"template":"","format":"standard","meta":{"footnotes":""},"categories":[4],"tags":[],"class_list":["post-15085","post","type-post","status-publish","format-standard","has-post-thumbnail","hentry","category-noticias"],"aioseo_notices":[],"_links":{"self":[{"href":"https:\/\/prefeitura.santarosa.rs.gov.br\/index.php?rest_route=\/wp\/v2\/posts\/15085","targetHints":{"allow":["GET"]}}],"collection":[{"href":"https:\/\/prefeitura.santarosa.rs.gov.br\/index.php?rest_route=\/wp\/v2\/posts"}],"about":[{"href":"https:\/\/prefeitura.santarosa.rs.gov.br\/index.php?rest_route=\/wp\/v2\/types\/post"}],"author":[{"embeddable":true,"href":"https:\/\/prefeitura.santarosa.rs.gov.br\/index.php?rest_route=\/wp\/v2\/users\/12"}],"replies":[{"embeddable":true,"href":"https:\/\/prefeitura.santarosa.rs.gov.br\/index.php?rest_route=%2Fwp%2Fv2%2Fcomments&post=15085"}],"version-history":[{"count":1,"href":"https:\/\/prefeitura.santarosa.rs.gov.br\/index.php?rest_route=\/wp\/v2\/posts\/15085\/revisions"}],"predecessor-version":[{"id":15090,"href":"https:\/\/prefeitura.santarosa.rs.gov.br\/index.php?rest_route=\/wp\/v2\/posts\/15085\/revisions\/15090"}],"wp:featuredmedia":[{"embeddable":true,"href":"https:\/\/prefeitura.santarosa.rs.gov.br\/index.php?rest_route=\/wp\/v2\/media\/15089"}],"wp:attachment":[{"href":"https:\/\/prefeitura.santarosa.rs.gov.br\/index.php?rest_route=%2Fwp%2Fv2%2Fmedia&parent=15085"}],"wp:term":[{"taxonomy":"category","embeddable":true,"href":"https:\/\/prefeitura.santarosa.rs.gov.br\/index.php?rest_route=%2Fwp%2Fv2%2Fcategories&post=15085"},{"taxonomy":"post_tag","embeddable":true,"href":"https:\/\/prefeitura.santarosa.rs.gov.br\/index.php?rest_route=%2Fwp%2Fv2%2Ftags&post=15085"}],"curies":[{"name":"wp","href":"https:\/\/api.w.org\/{rel}","templated":true}]}}