{"id":15025,"date":"2025-09-11T15:11:02","date_gmt":"2025-09-11T18:11:02","guid":{"rendered":"https:\/\/prefeitura.santarosa.rs.gov.br\/?p=15025"},"modified":"2025-09-11T15:11:02","modified_gmt":"2025-09-11T18:11:02","slug":"mais-2-mil-arvores-em-santa-rosa","status":"publish","type":"post","link":"https:\/\/prefeitura.santarosa.rs.gov.br\/?p=15025","title":{"rendered":"Mais 2 mil \u00e1rvores em Santa Rosa\u00a0"},"content":{"rendered":"\n<figure class=\"wp-block-image size-large\"><img fetchpriority=\"high\" decoding=\"async\" width=\"1024\" height=\"768\" src=\"https:\/\/prefeitura.santarosa.rs.gov.br\/wp-content\/uploads\/2025\/09\/WhatsApp-Image-2025-09-11-at-15.07.39-1024x768.jpeg\" alt=\"\" class=\"wp-image-15026\" srcset=\"https:\/\/prefeitura.santarosa.rs.gov.br\/wp-content\/uploads\/2025\/09\/WhatsApp-Image-2025-09-11-at-15.07.39-1024x768.jpeg 1024w, https:\/\/prefeitura.santarosa.rs.gov.br\/wp-content\/uploads\/2025\/09\/WhatsApp-Image-2025-09-11-at-15.07.39-300x225.jpeg 300w, https:\/\/prefeitura.santarosa.rs.gov.br\/wp-content\/uploads\/2025\/09\/WhatsApp-Image-2025-09-11-at-15.07.39-768x576.jpeg 768w, https:\/\/prefeitura.santarosa.rs.gov.br\/wp-content\/uploads\/2025\/09\/WhatsApp-Image-2025-09-11-at-15.07.39-1536x1152.jpeg 1536w, https:\/\/prefeitura.santarosa.rs.gov.br\/wp-content\/uploads\/2025\/09\/WhatsApp-Image-2025-09-11-at-15.07.39.jpeg 1600w\" sizes=\"(max-width: 1024px) 100vw, 1024px\" \/><\/figure>\n\n\n\n<p>Santa Rosa \u00e9 considerada uma das cidades mais arborizadas do estado. Um projeto lan\u00e7ado esse ano pela Prefeitura vai incluir mais 5 mil \u00e1rvores na cidade, o que garante manter o munic\u00edpio entre os mais \u201cverdes\u201d no RS. Atrav\u00e9s do&nbsp; Programa Santa Rosa + Verde, est\u00e1 semana est\u00e3o sendo plantadas 2 mil mudas.&nbsp;<\/p>\n\n\n\n<p>Com a ajuda dos militares do 19\u00ba RC Mec, a Prefeitura est\u00e1 realizando o plantio das mudas em \u00e1reas da Prefeitura. Segundo o Secret\u00e1rio de Meio Ambiente, Gustavo Foliatti, \u201cQueremos arborizar ainda mais nossa cidade, e neste ano, vamos ter mais 5 mil \u00e1rvores. Este projeto vai seguir no nosso Governo, pois entendemos que o desenvolvimento caminha junto com meio ambiente\u201d. A manuten\u00e7\u00e3o dessas mudas tamb\u00e9m ser\u00e1 um trabalho realizado por equipes do Quartel.&nbsp; No primeiro semestre, a prefeitura entregou para a comunidade 1.200 e outras 700 mudas nativas tamb\u00e9m foram plantadas em \u00e1reas p\u00fablicas. At\u00e9 o momento 3.900 mudas j\u00e1 foram plantadas em 2025.<\/p>\n","protected":false},"excerpt":{"rendered":"<p>Santa Rosa \u00e9 considerada uma das cidades mais arborizadas do estado. Um projeto lan\u00e7ado esse ano pela Prefeitura vai incluir<\/p>\n","protected":false},"author":12,"featured_media":15027,"comment_status":"closed","ping_status":"closed","sticky":false,"template":"","format":"standard","meta":{"footnotes":""},"categories":[4,20],"tags":[],"class_list":["post-15025","post","type-post","status-publish","format-standard","has-post-thumbnail","hentry","category-noticias","category-secretaria-municipal-de-meio-ambiente"],"aioseo_notices":[],"_links":{"self":[{"href":"https:\/\/prefeitura.santarosa.rs.gov.br\/index.php?rest_route=\/wp\/v2\/posts\/15025","targetHints":{"allow":["GET"]}}],"collection":[{"href":"https:\/\/prefeitura.santarosa.rs.gov.br\/index.php?rest_route=\/wp\/v2\/posts"}],"about":[{"href":"https:\/\/prefeitura.santarosa.rs.gov.br\/index.php?rest_route=\/wp\/v2\/types\/post"}],"author":[{"embeddable":true,"href":"https:\/\/prefeitura.santarosa.rs.gov.br\/index.php?rest_route=\/wp\/v2\/users\/12"}],"replies":[{"embeddable":true,"href":"https:\/\/prefeitura.santarosa.rs.gov.br\/index.php?rest_route=%2Fwp%2Fv2%2Fcomments&post=15025"}],"version-history":[{"count":1,"href":"https:\/\/prefeitura.santarosa.rs.gov.br\/index.php?rest_route=\/wp\/v2\/posts\/15025\/revisions"}],"predecessor-version":[{"id":15028,"href":"https:\/\/prefeitura.santarosa.rs.gov.br\/index.php?rest_route=\/wp\/v2\/posts\/15025\/revisions\/15028"}],"wp:featuredmedia":[{"embeddable":true,"href":"https:\/\/prefeitura.santarosa.rs.gov.br\/index.php?rest_route=\/wp\/v2\/media\/15027"}],"wp:attachment":[{"href":"https:\/\/prefeitura.santarosa.rs.gov.br\/index.php?rest_route=%2Fwp%2Fv2%2Fmedia&parent=15025"}],"wp:term":[{"taxonomy":"category","embeddable":true,"href":"https:\/\/prefeitura.santarosa.rs.gov.br\/index.php?rest_route=%2Fwp%2Fv2%2Fcategories&post=15025"},{"taxonomy":"post_tag","embeddable":true,"href":"https:\/\/prefeitura.santarosa.rs.gov.br\/index.php?rest_route=%2Fwp%2Fv2%2Ftags&post=15025"}],"curies":[{"name":"wp","href":"https:\/\/api.w.org\/{rel}","templated":true}]}}