{"id":15021,"date":"2025-09-11T14:22:37","date_gmt":"2025-09-11T17:22:37","guid":{"rendered":"https:\/\/prefeitura.santarosa.rs.gov.br\/?p=15021"},"modified":"2025-09-11T14:22:37","modified_gmt":"2025-09-11T17:22:37","slug":"semear-agro-hub-participa-da-feicam-2025","status":"publish","type":"post","link":"https:\/\/prefeitura.santarosa.rs.gov.br\/?p=15021","title":{"rendered":"Semear Agro Hub participa da Feicam 2025\u00a0"},"content":{"rendered":"\n<figure class=\"wp-block-image size-large\"><img fetchpriority=\"high\" decoding=\"async\" width=\"1024\" height=\"768\" src=\"https:\/\/prefeitura.santarosa.rs.gov.br\/wp-content\/uploads\/2025\/09\/WhatsApp-Image-2025-09-11-at-14.15.56-1024x768.jpeg\" alt=\"\" class=\"wp-image-15022\" srcset=\"https:\/\/prefeitura.santarosa.rs.gov.br\/wp-content\/uploads\/2025\/09\/WhatsApp-Image-2025-09-11-at-14.15.56-1024x768.jpeg 1024w, https:\/\/prefeitura.santarosa.rs.gov.br\/wp-content\/uploads\/2025\/09\/WhatsApp-Image-2025-09-11-at-14.15.56-300x225.jpeg 300w, https:\/\/prefeitura.santarosa.rs.gov.br\/wp-content\/uploads\/2025\/09\/WhatsApp-Image-2025-09-11-at-14.15.56-768x576.jpeg 768w, https:\/\/prefeitura.santarosa.rs.gov.br\/wp-content\/uploads\/2025\/09\/WhatsApp-Image-2025-09-11-at-14.15.56-1536x1152.jpeg 1536w, https:\/\/prefeitura.santarosa.rs.gov.br\/wp-content\/uploads\/2025\/09\/WhatsApp-Image-2025-09-11-at-14.15.56.jpeg 1600w\" sizes=\"(max-width: 1024px) 100vw, 1024px\" \/><\/figure>\n\n\n\n<p>De 10 a 14 de setembro, o Semear Agro Hub est\u00e1 presente na Feicam \u2013 Feira da Ind\u00fastria, Com\u00e9rcio, Agropecu\u00e1ria e M\u00fasica de Tucunduva. A equipe da Prefeitura est\u00e1 participando da Arena de Inova\u00e7\u00e3o, espa\u00e7o voltado \u00e0 tecnologia e ao empreendedorismo. Mais do que uma feira de neg\u00f3cios, a Feicam \u00e9 um ponto de encontro regional que promove conex\u00f5es, troca de experi\u00eancias e novas oportunidades. A participa\u00e7\u00e3o do Semear Agro Hub refor\u00e7a seu compromisso em aproximar empresas, produtores e startups, fomentando ideias e fortalecendo parcerias que impulsionam o desenvolvimento do setor agro e da economia local.<\/p>\n\n\n\n<p><\/p>\n","protected":false},"excerpt":{"rendered":"<p>De 10 a 14 de setembro, o Semear Agro Hub est\u00e1 presente na Feicam \u2013 Feira da Ind\u00fastria, Com\u00e9rcio, Agropecu\u00e1ria<\/p>\n","protected":false},"author":12,"featured_media":15023,"comment_status":"closed","ping_status":"closed","sticky":false,"template":"","format":"standard","meta":{"footnotes":""},"categories":[4,16],"tags":[],"class_list":["post-15021","post","type-post","status-publish","format-standard","has-post-thumbnail","hentry","category-noticias","category-secretaria-municipal-de-desenvolvimento-economico-turismo-e-tecnologia"],"aioseo_notices":[],"_links":{"self":[{"href":"https:\/\/prefeitura.santarosa.rs.gov.br\/index.php?rest_route=\/wp\/v2\/posts\/15021","targetHints":{"allow":["GET"]}}],"collection":[{"href":"https:\/\/prefeitura.santarosa.rs.gov.br\/index.php?rest_route=\/wp\/v2\/posts"}],"about":[{"href":"https:\/\/prefeitura.santarosa.rs.gov.br\/index.php?rest_route=\/wp\/v2\/types\/post"}],"author":[{"embeddable":true,"href":"https:\/\/prefeitura.santarosa.rs.gov.br\/index.php?rest_route=\/wp\/v2\/users\/12"}],"replies":[{"embeddable":true,"href":"https:\/\/prefeitura.santarosa.rs.gov.br\/index.php?rest_route=%2Fwp%2Fv2%2Fcomments&post=15021"}],"version-history":[{"count":1,"href":"https:\/\/prefeitura.santarosa.rs.gov.br\/index.php?rest_route=\/wp\/v2\/posts\/15021\/revisions"}],"predecessor-version":[{"id":15024,"href":"https:\/\/prefeitura.santarosa.rs.gov.br\/index.php?rest_route=\/wp\/v2\/posts\/15021\/revisions\/15024"}],"wp:featuredmedia":[{"embeddable":true,"href":"https:\/\/prefeitura.santarosa.rs.gov.br\/index.php?rest_route=\/wp\/v2\/media\/15023"}],"wp:attachment":[{"href":"https:\/\/prefeitura.santarosa.rs.gov.br\/index.php?rest_route=%2Fwp%2Fv2%2Fmedia&parent=15021"}],"wp:term":[{"taxonomy":"category","embeddable":true,"href":"https:\/\/prefeitura.santarosa.rs.gov.br\/index.php?rest_route=%2Fwp%2Fv2%2Fcategories&post=15021"},{"taxonomy":"post_tag","embeddable":true,"href":"https:\/\/prefeitura.santarosa.rs.gov.br\/index.php?rest_route=%2Fwp%2Fv2%2Ftags&post=15021"}],"curies":[{"name":"wp","href":"https:\/\/api.w.org\/{rel}","templated":true}]}}