{"id":15016,"date":"2025-09-11T10:51:33","date_gmt":"2025-09-11T13:51:33","guid":{"rendered":"https:\/\/prefeitura.santarosa.rs.gov.br\/?p=15016"},"modified":"2025-09-11T10:51:34","modified_gmt":"2025-09-11T13:51:34","slug":"abertura-dos-jogos-estudantis-sest-senat-2025-foi-marcada-por-emocao-e-integracao","status":"publish","type":"post","link":"https:\/\/prefeitura.santarosa.rs.gov.br\/?p=15016","title":{"rendered":"Abertura dos Jogos Estudantis Sest Senat 2025 foi marcada por emo\u00e7\u00e3o e integra\u00e7\u00e3o!"},"content":{"rendered":"\n<figure class=\"wp-block-image size-large\"><img fetchpriority=\"high\" decoding=\"async\" width=\"1024\" height=\"576\" src=\"https:\/\/prefeitura.santarosa.rs.gov.br\/wp-content\/uploads\/2025\/09\/WhatsApp-Image-2025-09-11-at-09.26.49-1024x576.jpeg\" alt=\"\" class=\"wp-image-15017\" srcset=\"https:\/\/prefeitura.santarosa.rs.gov.br\/wp-content\/uploads\/2025\/09\/WhatsApp-Image-2025-09-11-at-09.26.49-1024x576.jpeg 1024w, https:\/\/prefeitura.santarosa.rs.gov.br\/wp-content\/uploads\/2025\/09\/WhatsApp-Image-2025-09-11-at-09.26.49-300x169.jpeg 300w, https:\/\/prefeitura.santarosa.rs.gov.br\/wp-content\/uploads\/2025\/09\/WhatsApp-Image-2025-09-11-at-09.26.49-768x432.jpeg 768w, https:\/\/prefeitura.santarosa.rs.gov.br\/wp-content\/uploads\/2025\/09\/WhatsApp-Image-2025-09-11-at-09.26.49-1536x864.jpeg 1536w, https:\/\/prefeitura.santarosa.rs.gov.br\/wp-content\/uploads\/2025\/09\/WhatsApp-Image-2025-09-11-at-09.26.49-2048x1152.jpeg 2048w\" sizes=\"(max-width: 1024px) 100vw, 1024px\" \/><\/figure>\n\n\n\n<p>Ao som da Banda Marcial da EMEF Paul Harris, as delega\u00e7\u00f5es das escolas entraram no gin\u00e1sio carregando suas bandeiras. Foi um momento de orgulho e pertencimento para os atletas e professores envolvidos nos Jogos Estudantis 2025.&nbsp;<\/p>\n\n\n\n<p>A abertura dos jogos contou com a participa\u00e7\u00e3o de 17 escolas municipais, estaduais e particulares. Foram mais de mil pessoas envolvidas neste primeiro dia que marcou um novo momento do esporte em Santa Rosa. De acordo com o Secret\u00e1rio de Esporte Cauh\u00e3 Pereira, \u201cToda comunidade est\u00e1 convidada para participar e prestigiar as competi\u00e7\u00f5es. O Governo est\u00e1 realmente empenhado em transformar atrav\u00e9s do esporte\u201d. Nas pr\u00f3ximas semanas os jogos ser\u00e3o nas modalidades: basquete, voleibol, futsal, handebol, atletismo e r\u00fastica. O evento \u00e9 aberto ao p\u00fablico e representa um importante momento de celebra\u00e7\u00e3o do esporte e da educa\u00e7\u00e3o.<\/p>\n\n\n\n<p>Escolas participantes:<\/p>\n\n\n\n<p>Dom Bosco, Da Paz, FEMA, Conc\u00f3rdia, EEB Polivalente, IEE Cairu, EET Fronteira,&nbsp; EEEM Pedro Meinertz, IFFAR, EMEF Giordani, EMEF Paul Harris, EMEF Nossa Senhora de F\u00e1tima, EMEF 15 de Novembro, EMEF Nossa Senhora da Gl\u00f3ria, EEEB CIEP, EMEF Santa Rita, EMEF Raul Oliveira.<\/p>\n","protected":false},"excerpt":{"rendered":"<p>Ao som da Banda Marcial da EMEF Paul Harris, as delega\u00e7\u00f5es das escolas entraram no gin\u00e1sio carregando suas bandeiras. Foi<\/p>\n","protected":false},"author":12,"featured_media":15018,"comment_status":"closed","ping_status":"closed","sticky":false,"template":"","format":"standard","meta":{"footnotes":""},"categories":[4,19],"tags":[],"class_list":["post-15016","post","type-post","status-publish","format-standard","has-post-thumbnail","hentry","category-noticias","category-secretaria-municipal-de-esporte"],"aioseo_notices":[],"_links":{"self":[{"href":"https:\/\/prefeitura.santarosa.rs.gov.br\/index.php?rest_route=\/wp\/v2\/posts\/15016","targetHints":{"allow":["GET"]}}],"collection":[{"href":"https:\/\/prefeitura.santarosa.rs.gov.br\/index.php?rest_route=\/wp\/v2\/posts"}],"about":[{"href":"https:\/\/prefeitura.santarosa.rs.gov.br\/index.php?rest_route=\/wp\/v2\/types\/post"}],"author":[{"embeddable":true,"href":"https:\/\/prefeitura.santarosa.rs.gov.br\/index.php?rest_route=\/wp\/v2\/users\/12"}],"replies":[{"embeddable":true,"href":"https:\/\/prefeitura.santarosa.rs.gov.br\/index.php?rest_route=%2Fwp%2Fv2%2Fcomments&post=15016"}],"version-history":[{"count":1,"href":"https:\/\/prefeitura.santarosa.rs.gov.br\/index.php?rest_route=\/wp\/v2\/posts\/15016\/revisions"}],"predecessor-version":[{"id":15019,"href":"https:\/\/prefeitura.santarosa.rs.gov.br\/index.php?rest_route=\/wp\/v2\/posts\/15016\/revisions\/15019"}],"wp:featuredmedia":[{"embeddable":true,"href":"https:\/\/prefeitura.santarosa.rs.gov.br\/index.php?rest_route=\/wp\/v2\/media\/15018"}],"wp:attachment":[{"href":"https:\/\/prefeitura.santarosa.rs.gov.br\/index.php?rest_route=%2Fwp%2Fv2%2Fmedia&parent=15016"}],"wp:term":[{"taxonomy":"category","embeddable":true,"href":"https:\/\/prefeitura.santarosa.rs.gov.br\/index.php?rest_route=%2Fwp%2Fv2%2Fcategories&post=15016"},{"taxonomy":"post_tag","embeddable":true,"href":"https:\/\/prefeitura.santarosa.rs.gov.br\/index.php?rest_route=%2Fwp%2Fv2%2Ftags&post=15016"}],"curies":[{"name":"wp","href":"https:\/\/api.w.org\/{rel}","templated":true}]}}