{"id":15011,"date":"2025-09-10T17:11:26","date_gmt":"2025-09-10T20:11:26","guid":{"rendered":"https:\/\/prefeitura.santarosa.rs.gov.br\/?p=15011"},"modified":"2025-09-10T17:11:27","modified_gmt":"2025-09-10T20:11:27","slug":"prefeitura-e-cartorios-discutem-aplicacao-do-provimento-195-2025-do-cnj","status":"publish","type":"post","link":"https:\/\/prefeitura.santarosa.rs.gov.br\/?p=15011","title":{"rendered":"Prefeitura e cart\u00f3rios discutem aplica\u00e7\u00e3o do Provimento 195\/2025 do CNJ"},"content":{"rendered":"\n<figure class=\"wp-block-image size-large\"><img fetchpriority=\"high\" decoding=\"async\" width=\"1024\" height=\"768\" src=\"https:\/\/prefeitura.santarosa.rs.gov.br\/wp-content\/uploads\/2025\/09\/WhatsApp-Image-2025-09-10-at-17.08.26-1024x768.jpeg\" alt=\"\" class=\"wp-image-15012\" srcset=\"https:\/\/prefeitura.santarosa.rs.gov.br\/wp-content\/uploads\/2025\/09\/WhatsApp-Image-2025-09-10-at-17.08.26-1024x768.jpeg 1024w, https:\/\/prefeitura.santarosa.rs.gov.br\/wp-content\/uploads\/2025\/09\/WhatsApp-Image-2025-09-10-at-17.08.26-300x225.jpeg 300w, https:\/\/prefeitura.santarosa.rs.gov.br\/wp-content\/uploads\/2025\/09\/WhatsApp-Image-2025-09-10-at-17.08.26-768x576.jpeg 768w, https:\/\/prefeitura.santarosa.rs.gov.br\/wp-content\/uploads\/2025\/09\/WhatsApp-Image-2025-09-10-at-17.08.26.jpeg 1280w\" sizes=\"(max-width: 1024px) 100vw, 1024px\" \/><\/figure>\n\n\n\n<p>Na \u00faltima quarta-feira (03), a Prefeitura de Santa Rosa promoveu uma reuni\u00e3o com representantes do Cart\u00f3rio de Registro de Im\u00f3veis (CRI) e dos tabelionatos locais. Tamb\u00e9m participaram representantes da Secretaria de Planejamento e do Conselho Municipal de Desenvolvimento Sustent\u00e1vel. O encontro teve como pauta a aplica\u00e7\u00e3o das novas diretrizes estabelecidas pelo Provimento n\u00ba 195\/2025 do Conselho Nacional de Justi\u00e7a (CNJ). O objetivo foi de padronizar procedimentos e implantar medidas coordenadas e uniformizadas, garantindo mais efici\u00eancia e seguran\u00e7a nos processos relacionados com registros imobili\u00e1rios e ao planejamento urbano. Segundo o Secret\u00e1rio Douglas Fronza, \u201cA iniciativa refor\u00e7a o compromisso da Prefeitura e das institui\u00e7\u00f5es parceiras em desenvolver a\u00e7\u00f5es integradas que beneficiem diretamente a popula\u00e7\u00e3o, fortalecendo o di\u00e1logo entre o setor p\u00fablico e os cart\u00f3rios\u201d.&nbsp;<\/p>\n\n\n\n<p>Estiveram presentes o Procurador-Geral do Munic\u00edpio e Secret\u00e1rio de Planejamento e Habita\u00e7\u00e3o, Douglas Fronza; a Oficiala do Cart\u00f3rio de Registro de Im\u00f3veis, Ros\u00e2ngela Wohlenberg, e o substituto Jo\u00e3o Silvio F. Neto; os representantes do 1\u00ba Tabelionato de Notas e de Protesto, Registros Especiais e Registro Civil de Pessoas Naturais \u2013 Cart\u00f3rio Haigert, Maria Vilida L. Berggraw e R\u00e9gis Eduardo da Silva; bem como os representantes do 2\u00ba Tabelionato de Notas, Bruna Sinigaglia Krul e Driognes da Silva Rigoli. A Secretaria de Planejamento esteve representada pelas diretoras Caliandra Perini e Rafaela Gon\u00e7alves, pelo chefe de Supervis\u00e3o Urbana Henadrt Klein e pelo top\u00f3grafo Marcos Bonmann. Tamb\u00e9m participaram membros do Conselho Municipal de Desenvolvimento Sustent\u00e1vel, entre eles o presidente Nerison Paveglio (SIMMME-SR), al\u00e9m de Cl\u00e1udio Akila Otani (CREA-RS), Talvane Engroff (SINDUSCON), Vilmar Ericksson (APEA-SR), Valdir Turra Carpenedo (SENAI-RS) e Djeison F. Drey (ACISAP).<\/p>\n","protected":false},"excerpt":{"rendered":"<p>Na \u00faltima quarta-feira (03), a Prefeitura de Santa Rosa promoveu uma reuni\u00e3o com representantes do Cart\u00f3rio de Registro de Im\u00f3veis<\/p>\n","protected":false},"author":12,"featured_media":15013,"comment_status":"closed","ping_status":"closed","sticky":false,"template":"","format":"standard","meta":{"footnotes":""},"categories":[4,22],"tags":[],"class_list":["post-15011","post","type-post","status-publish","format-standard","has-post-thumbnail","hentry","category-noticias","category-secretaria-municipal-de-planejamento-e-habitacao"],"aioseo_notices":[],"_links":{"self":[{"href":"https:\/\/prefeitura.santarosa.rs.gov.br\/index.php?rest_route=\/wp\/v2\/posts\/15011","targetHints":{"allow":["GET"]}}],"collection":[{"href":"https:\/\/prefeitura.santarosa.rs.gov.br\/index.php?rest_route=\/wp\/v2\/posts"}],"about":[{"href":"https:\/\/prefeitura.santarosa.rs.gov.br\/index.php?rest_route=\/wp\/v2\/types\/post"}],"author":[{"embeddable":true,"href":"https:\/\/prefeitura.santarosa.rs.gov.br\/index.php?rest_route=\/wp\/v2\/users\/12"}],"replies":[{"embeddable":true,"href":"https:\/\/prefeitura.santarosa.rs.gov.br\/index.php?rest_route=%2Fwp%2Fv2%2Fcomments&post=15011"}],"version-history":[{"count":1,"href":"https:\/\/prefeitura.santarosa.rs.gov.br\/index.php?rest_route=\/wp\/v2\/posts\/15011\/revisions"}],"predecessor-version":[{"id":15014,"href":"https:\/\/prefeitura.santarosa.rs.gov.br\/index.php?rest_route=\/wp\/v2\/posts\/15011\/revisions\/15014"}],"wp:featuredmedia":[{"embeddable":true,"href":"https:\/\/prefeitura.santarosa.rs.gov.br\/index.php?rest_route=\/wp\/v2\/media\/15013"}],"wp:attachment":[{"href":"https:\/\/prefeitura.santarosa.rs.gov.br\/index.php?rest_route=%2Fwp%2Fv2%2Fmedia&parent=15011"}],"wp:term":[{"taxonomy":"category","embeddable":true,"href":"https:\/\/prefeitura.santarosa.rs.gov.br\/index.php?rest_route=%2Fwp%2Fv2%2Fcategories&post=15011"},{"taxonomy":"post_tag","embeddable":true,"href":"https:\/\/prefeitura.santarosa.rs.gov.br\/index.php?rest_route=%2Fwp%2Fv2%2Ftags&post=15011"}],"curies":[{"name":"wp","href":"https:\/\/api.w.org\/{rel}","templated":true}]}}