{"id":15006,"date":"2025-09-10T14:33:52","date_gmt":"2025-09-10T17:33:52","guid":{"rendered":"https:\/\/prefeitura.santarosa.rs.gov.br\/?p=15006"},"modified":"2025-09-10T14:33:53","modified_gmt":"2025-09-10T17:33:53","slug":"mes-do-idoso-outubro-de-2025","status":"publish","type":"post","link":"https:\/\/prefeitura.santarosa.rs.gov.br\/?p=15006","title":{"rendered":"M\u00eas do Idoso Outubro de 2025"},"content":{"rendered":"\n<figure class=\"wp-block-image size-large\"><img fetchpriority=\"high\" decoding=\"async\" width=\"1024\" height=\"691\" src=\"https:\/\/prefeitura.santarosa.rs.gov.br\/wp-content\/uploads\/2025\/09\/Formato-Portal-do-Cidadao-1600X1080JPG-3-1024x691.jpg\" alt=\"\" class=\"wp-image-15007\" srcset=\"https:\/\/prefeitura.santarosa.rs.gov.br\/wp-content\/uploads\/2025\/09\/Formato-Portal-do-Cidadao-1600X1080JPG-3-1024x691.jpg 1024w, https:\/\/prefeitura.santarosa.rs.gov.br\/wp-content\/uploads\/2025\/09\/Formato-Portal-do-Cidadao-1600X1080JPG-3-300x203.jpg 300w, https:\/\/prefeitura.santarosa.rs.gov.br\/wp-content\/uploads\/2025\/09\/Formato-Portal-do-Cidadao-1600X1080JPG-3-768x518.jpg 768w, https:\/\/prefeitura.santarosa.rs.gov.br\/wp-content\/uploads\/2025\/09\/Formato-Portal-do-Cidadao-1600X1080JPG-3-1536x1037.jpg 1536w, https:\/\/prefeitura.santarosa.rs.gov.br\/wp-content\/uploads\/2025\/09\/Formato-Portal-do-Cidadao-1600X1080JPG-3.jpg 1600w\" sizes=\"(max-width: 1024px) 100vw, 1024px\" \/><\/figure>\n\n\n\n<p>Nesta ter\u00e7a-feira(09), foi realizada a abertura da Programa\u00e7\u00e3o do M\u00eas do Idoso. A a\u00e7\u00e3o aconteceu no Lar do Idoso. Algumas atividades ser\u00e3o realizadas nesse m\u00eas, mas a programa\u00e7\u00e3o mais intensa vai ocorrer em outubro com jogos da 3\u00aa Olimp\u00edada do Idoso, Missa Crioula, Baile na Oktoberfest, palestras e apresenta\u00e7\u00f5es. Confira a programa\u00e7\u00e3o:<\/p>\n\n\n\n<p>M\u00eas do Idoso Outubro de 2025<\/p>\n\n\n\n<p>01\/10 \u2013 Vov\u00f4 na Pra\u00e7a 18:30h: Apresenta\u00e7\u00e3o das EMEIS, Apresenta\u00e7\u00e3o dos Idosos, Mostra art\u00edstica.<\/p>\n\n\n\n<p>03\/10 \u2013 Jantar Bingo&nbsp; ASSCAM:&nbsp; 19h Sal\u00e3o Paroquial \u2013 Centro<\/p>\n\n\n\n<p>06 \/10 \u2013 3\u00ba Olimp\u00edada do Idoso \u2013 18h30h \u2013 Eliminat\u00f3rias de CAMBIO \u2013 Local Gin. Pedro Deon<\/p>\n\n\n\n<p>08\/10 \u2013 3\u00ba Olimp\u00edada do Idoso -: 13h30m &#8211; Bocha Duplas &#8211; Associa\u00e7\u00e3o Guia Lopes&nbsp; &nbsp;<\/p>\n\n\n\n<p>08\/10 \u2013 3\u00ba Olimp\u00edada do Idoso -: 18h30h \u2013 Final de CAMBIO &#8211; Associa\u00e7\u00e3o Guia Lopes<\/p>\n\n\n\n<p>11-\/10 \u2013 3\u00ba Olimp\u00edada do Idoso -: 8h \u2013 Beach Cambio&nbsp; \u2013 Arena Pool Beach<\/p>\n\n\n\n<p>13\/10 \u2013 3\u00ba Olimp\u00edada do Idoso -: 18h30h \u2013 Basquete Contra Rel\u00f3gio \u2013 Pra\u00e7a 10 de Agosto<\/p>\n\n\n\n<p>16\/10 \u2013 Missa Crioula :10h30h \u2013 Clube de Idosos Amor e Compreens\u00e3o. Almo\u00e7o e baile a tarde por Ades\u00e3o<\/p>\n\n\n\n<p>19\/10 \u2013 Baile Oktorberfest para os Idosos:14h \u2013 Entrada livre 60+, almo\u00e7o por Ades\u00e3o<\/p>\n\n\n\n<p>21\/10 \u2013 3\u00ba Olimp\u00edada do Idoso -: CANASTRA : 8h30h \u2013 Clube de Idosos Renascer Juntos \u2013 Almo\u00e7o por Ades\u00e3o<\/p>\n\n\n\n<p>23\/10 \u2013 Palestra CRM \u2013 SMDS- Local Centro de Conviv\u00eancia dos Idosos<\/p>\n\n\n\n<p>25 e 26\/10- Final Estadual de C\u00e2mbio \u2013 Local: Santa Maria\/RS<\/p>\n","protected":false},"excerpt":{"rendered":"<p>Nesta ter\u00e7a-feira(09), foi realizada a abertura da Programa\u00e7\u00e3o do M\u00eas do Idoso. A a\u00e7\u00e3o aconteceu no Lar do Idoso. Algumas<\/p>\n","protected":false},"author":12,"featured_media":15008,"comment_status":"closed","ping_status":"closed","sticky":false,"template":"","format":"standard","meta":{"footnotes":""},"categories":[4,17],"tags":[],"class_list":["post-15006","post","type-post","status-publish","format-standard","has-post-thumbnail","hentry","category-noticias","category-secretaria-municipal-de-desenvolvimento-social"],"aioseo_notices":[],"_links":{"self":[{"href":"https:\/\/prefeitura.santarosa.rs.gov.br\/index.php?rest_route=\/wp\/v2\/posts\/15006","targetHints":{"allow":["GET"]}}],"collection":[{"href":"https:\/\/prefeitura.santarosa.rs.gov.br\/index.php?rest_route=\/wp\/v2\/posts"}],"about":[{"href":"https:\/\/prefeitura.santarosa.rs.gov.br\/index.php?rest_route=\/wp\/v2\/types\/post"}],"author":[{"embeddable":true,"href":"https:\/\/prefeitura.santarosa.rs.gov.br\/index.php?rest_route=\/wp\/v2\/users\/12"}],"replies":[{"embeddable":true,"href":"https:\/\/prefeitura.santarosa.rs.gov.br\/index.php?rest_route=%2Fwp%2Fv2%2Fcomments&post=15006"}],"version-history":[{"count":1,"href":"https:\/\/prefeitura.santarosa.rs.gov.br\/index.php?rest_route=\/wp\/v2\/posts\/15006\/revisions"}],"predecessor-version":[{"id":15009,"href":"https:\/\/prefeitura.santarosa.rs.gov.br\/index.php?rest_route=\/wp\/v2\/posts\/15006\/revisions\/15009"}],"wp:featuredmedia":[{"embeddable":true,"href":"https:\/\/prefeitura.santarosa.rs.gov.br\/index.php?rest_route=\/wp\/v2\/media\/15008"}],"wp:attachment":[{"href":"https:\/\/prefeitura.santarosa.rs.gov.br\/index.php?rest_route=%2Fwp%2Fv2%2Fmedia&parent=15006"}],"wp:term":[{"taxonomy":"category","embeddable":true,"href":"https:\/\/prefeitura.santarosa.rs.gov.br\/index.php?rest_route=%2Fwp%2Fv2%2Fcategories&post=15006"},{"taxonomy":"post_tag","embeddable":true,"href":"https:\/\/prefeitura.santarosa.rs.gov.br\/index.php?rest_route=%2Fwp%2Fv2%2Ftags&post=15006"}],"curies":[{"name":"wp","href":"https:\/\/api.w.org\/{rel}","templated":true}]}}