{"id":14999,"date":"2025-09-10T11:09:07","date_gmt":"2025-09-10T14:09:07","guid":{"rendered":"https:\/\/prefeitura.santarosa.rs.gov.br\/?p=14999"},"modified":"2025-09-10T11:11:26","modified_gmt":"2025-09-10T14:11:26","slug":"mais-de-r-4-milhoes-em-investimentos-no-centro","status":"publish","type":"post","link":"https:\/\/prefeitura.santarosa.rs.gov.br\/?p=14999","title":{"rendered":"Mais de R$ 4 milh\u00f5es em investimentos no centro"},"content":{"rendered":"\n<figure class=\"wp-block-image size-large\"><img fetchpriority=\"high\" decoding=\"async\" width=\"1024\" height=\"768\" src=\"https:\/\/prefeitura.santarosa.rs.gov.br\/wp-content\/uploads\/2025\/09\/WhatsApp-Image-2025-09-10-at-10.40.57-1024x768.jpeg\" alt=\"\" class=\"wp-image-15000\" srcset=\"https:\/\/prefeitura.santarosa.rs.gov.br\/wp-content\/uploads\/2025\/09\/WhatsApp-Image-2025-09-10-at-10.40.57-1024x768.jpeg 1024w, https:\/\/prefeitura.santarosa.rs.gov.br\/wp-content\/uploads\/2025\/09\/WhatsApp-Image-2025-09-10-at-10.40.57-300x225.jpeg 300w, https:\/\/prefeitura.santarosa.rs.gov.br\/wp-content\/uploads\/2025\/09\/WhatsApp-Image-2025-09-10-at-10.40.57-768x576.jpeg 768w, https:\/\/prefeitura.santarosa.rs.gov.br\/wp-content\/uploads\/2025\/09\/WhatsApp-Image-2025-09-10-at-10.40.57.jpeg 1280w\" sizes=\"(max-width: 1024px) 100vw, 1024px\" \/><\/figure>\n\n\n\n<p>Diversas ruas do centro est\u00e3o recebendo pavimenta\u00e7\u00e3o asf\u00e1ltica. S\u00f3 em 2025, o investimento passou de R$ 4,1 milh\u00f5es. Catorze ruas foram finalizadas. <\/p>\n\n\n\n<p>Nesta semana, mais uma ordem de in\u00edcio foi assinada pelo prefeito e pelos vereadores para obra de asfalto no centro. A rua contemplada \u00e9 a Travessa Gustavo Bessel. Com uma extens\u00e3o de 89,38 metros lineares, a obra ter\u00e1 um investimento de R$ 145 mil. Ser\u00e1 realizado asfalto, sarjeta e meio-fio de concreto, rede de drenagem, rampas de acessibilidade, nivelamentos de tampas da Corsan e sinaliza\u00e7\u00e3o. O prazo para execu\u00e7\u00e3o \u00e9 de 120 dias.<\/p>\n\n\n\n<p><\/p>\n","protected":false},"excerpt":{"rendered":"<p>Diversas ruas do centro est\u00e3o recebendo pavimenta\u00e7\u00e3o asf\u00e1ltica. S\u00f3 em 2025, o investimento passou de R$ 4,1 milh\u00f5es. Catorze ruas<\/p>\n","protected":false},"author":12,"featured_media":15001,"comment_status":"closed","ping_status":"closed","sticky":false,"template":"","format":"standard","meta":{"footnotes":""},"categories":[4,22],"tags":[],"class_list":["post-14999","post","type-post","status-publish","format-standard","has-post-thumbnail","hentry","category-noticias","category-secretaria-municipal-de-planejamento-e-habitacao"],"aioseo_notices":[],"_links":{"self":[{"href":"https:\/\/prefeitura.santarosa.rs.gov.br\/index.php?rest_route=\/wp\/v2\/posts\/14999","targetHints":{"allow":["GET"]}}],"collection":[{"href":"https:\/\/prefeitura.santarosa.rs.gov.br\/index.php?rest_route=\/wp\/v2\/posts"}],"about":[{"href":"https:\/\/prefeitura.santarosa.rs.gov.br\/index.php?rest_route=\/wp\/v2\/types\/post"}],"author":[{"embeddable":true,"href":"https:\/\/prefeitura.santarosa.rs.gov.br\/index.php?rest_route=\/wp\/v2\/users\/12"}],"replies":[{"embeddable":true,"href":"https:\/\/prefeitura.santarosa.rs.gov.br\/index.php?rest_route=%2Fwp%2Fv2%2Fcomments&post=14999"}],"version-history":[{"count":4,"href":"https:\/\/prefeitura.santarosa.rs.gov.br\/index.php?rest_route=\/wp\/v2\/posts\/14999\/revisions"}],"predecessor-version":[{"id":15005,"href":"https:\/\/prefeitura.santarosa.rs.gov.br\/index.php?rest_route=\/wp\/v2\/posts\/14999\/revisions\/15005"}],"wp:featuredmedia":[{"embeddable":true,"href":"https:\/\/prefeitura.santarosa.rs.gov.br\/index.php?rest_route=\/wp\/v2\/media\/15001"}],"wp:attachment":[{"href":"https:\/\/prefeitura.santarosa.rs.gov.br\/index.php?rest_route=%2Fwp%2Fv2%2Fmedia&parent=14999"}],"wp:term":[{"taxonomy":"category","embeddable":true,"href":"https:\/\/prefeitura.santarosa.rs.gov.br\/index.php?rest_route=%2Fwp%2Fv2%2Fcategories&post=14999"},{"taxonomy":"post_tag","embeddable":true,"href":"https:\/\/prefeitura.santarosa.rs.gov.br\/index.php?rest_route=%2Fwp%2Fv2%2Ftags&post=14999"}],"curies":[{"name":"wp","href":"https:\/\/api.w.org\/{rel}","templated":true}]}}