{"id":14994,"date":"2025-09-09T15:09:28","date_gmt":"2025-09-09T18:09:28","guid":{"rendered":"https:\/\/prefeitura.santarosa.rs.gov.br\/?p=14994"},"modified":"2025-09-09T15:09:28","modified_gmt":"2025-09-09T18:09:28","slug":"santa-rosa-representada-na-conferencia-estadual-do-idoso","status":"publish","type":"post","link":"https:\/\/prefeitura.santarosa.rs.gov.br\/?p=14994","title":{"rendered":"Santa Rosa representada na Confer\u00eancia Estadual do Idoso"},"content":{"rendered":"\n<figure class=\"wp-block-image size-large\"><img fetchpriority=\"high\" decoding=\"async\" width=\"1024\" height=\"691\" src=\"https:\/\/prefeitura.santarosa.rs.gov.br\/wp-content\/uploads\/2025\/09\/Formato-Portal-do-Cidadao-1600X1080JPG-1-1024x691.jpg\" alt=\"\" class=\"wp-image-14995\" srcset=\"https:\/\/prefeitura.santarosa.rs.gov.br\/wp-content\/uploads\/2025\/09\/Formato-Portal-do-Cidadao-1600X1080JPG-1-1024x691.jpg 1024w, https:\/\/prefeitura.santarosa.rs.gov.br\/wp-content\/uploads\/2025\/09\/Formato-Portal-do-Cidadao-1600X1080JPG-1-300x203.jpg 300w, https:\/\/prefeitura.santarosa.rs.gov.br\/wp-content\/uploads\/2025\/09\/Formato-Portal-do-Cidadao-1600X1080JPG-1-768x518.jpg 768w, https:\/\/prefeitura.santarosa.rs.gov.br\/wp-content\/uploads\/2025\/09\/Formato-Portal-do-Cidadao-1600X1080JPG-1-1536x1037.jpg 1536w, https:\/\/prefeitura.santarosa.rs.gov.br\/wp-content\/uploads\/2025\/09\/Formato-Portal-do-Cidadao-1600X1080JPG-1.jpg 1600w\" sizes=\"(max-width: 1024px) 100vw, 1024px\" \/><\/figure>\n\n\n\n<p>Nesta semana est\u00e1 ocorrendo a Confer\u00eancia Estadual do Idoso em Porto Alegre. O tema deste ano \u00e9 \u201cO envelhecimento multicultural e democracia: urg\u00eancia por equidade, direitos e participa\u00e7\u00e3o. O evento \u00e9 uma oportunidade de debater as propostas enviadas nos relat\u00f3rios municipais.<br>Fernando Maciel Fonseca, Gerente de pol\u00edticas para os idosos; Roseli Bess, vice-presidente do conselho municipal dos idosos; Ana Saling, Clube de idosos Amor e compreens\u00e3o e Euclidio Mallmamn, Associa\u00e7\u00e3o Santa-rosensse de C\u00e2mbio, est\u00e3o representando a regi\u00e3o. As pautas foram previamente definidas na Confer\u00eancia realizada em abril que contou com a participa\u00e7\u00e3o de mais de 400 idosos. Durante o evento, foram abordados cinco eixos tem\u00e1ticos: o financiamento das pol\u00edticas p\u00fablicas voltadas para a amplia\u00e7\u00e3o e garantia dos direitos sociais dos idosos; o fortalecimento das pol\u00edticas de prote\u00e7\u00e3o \u00e0 vida, \u00e0 sa\u00fade e ao cuidado integral da pessoa idosa; o enfrentamento da viol\u00eancia, do abandono social e familiar; a participa\u00e7\u00e3o social e o protagonismo da pessoa idosa; e a consolida\u00e7\u00e3o dos conselhos de direitos como uma pol\u00edtica essencial do Estado. Ao longo da confer\u00eancia, os participantes apresentaram 75 propostas com o objetivo de fortalecer as pol\u00edticas p\u00fablicas para a pessoa idosa. Esse material est\u00e1 sendo apresentado agora na Confer\u00eancia Estadual. Os textos definidos ir\u00e3o para a confer\u00eancia nacional, com a Delega\u00e7\u00e3o do Estado, todos eleitos na confer\u00eancia estadual.<\/p>\n","protected":false},"excerpt":{"rendered":"<p>Nesta semana est\u00e1 ocorrendo a Confer\u00eancia Estadual do Idoso em Porto Alegre. O tema deste ano \u00e9 \u201cO envelhecimento multicultural<\/p>\n","protected":false},"author":12,"featured_media":14996,"comment_status":"closed","ping_status":"closed","sticky":false,"template":"","format":"standard","meta":{"footnotes":""},"categories":[4,17],"tags":[],"class_list":["post-14994","post","type-post","status-publish","format-standard","has-post-thumbnail","hentry","category-noticias","category-secretaria-municipal-de-desenvolvimento-social"],"aioseo_notices":[],"_links":{"self":[{"href":"https:\/\/prefeitura.santarosa.rs.gov.br\/index.php?rest_route=\/wp\/v2\/posts\/14994","targetHints":{"allow":["GET"]}}],"collection":[{"href":"https:\/\/prefeitura.santarosa.rs.gov.br\/index.php?rest_route=\/wp\/v2\/posts"}],"about":[{"href":"https:\/\/prefeitura.santarosa.rs.gov.br\/index.php?rest_route=\/wp\/v2\/types\/post"}],"author":[{"embeddable":true,"href":"https:\/\/prefeitura.santarosa.rs.gov.br\/index.php?rest_route=\/wp\/v2\/users\/12"}],"replies":[{"embeddable":true,"href":"https:\/\/prefeitura.santarosa.rs.gov.br\/index.php?rest_route=%2Fwp%2Fv2%2Fcomments&post=14994"}],"version-history":[{"count":1,"href":"https:\/\/prefeitura.santarosa.rs.gov.br\/index.php?rest_route=\/wp\/v2\/posts\/14994\/revisions"}],"predecessor-version":[{"id":14997,"href":"https:\/\/prefeitura.santarosa.rs.gov.br\/index.php?rest_route=\/wp\/v2\/posts\/14994\/revisions\/14997"}],"wp:featuredmedia":[{"embeddable":true,"href":"https:\/\/prefeitura.santarosa.rs.gov.br\/index.php?rest_route=\/wp\/v2\/media\/14996"}],"wp:attachment":[{"href":"https:\/\/prefeitura.santarosa.rs.gov.br\/index.php?rest_route=%2Fwp%2Fv2%2Fmedia&parent=14994"}],"wp:term":[{"taxonomy":"category","embeddable":true,"href":"https:\/\/prefeitura.santarosa.rs.gov.br\/index.php?rest_route=%2Fwp%2Fv2%2Fcategories&post=14994"},{"taxonomy":"post_tag","embeddable":true,"href":"https:\/\/prefeitura.santarosa.rs.gov.br\/index.php?rest_route=%2Fwp%2Fv2%2Ftags&post=14994"}],"curies":[{"name":"wp","href":"https:\/\/api.w.org\/{rel}","templated":true}]}}