{"id":14986,"date":"2025-09-08T15:21:16","date_gmt":"2025-09-08T18:21:16","guid":{"rendered":"https:\/\/prefeitura.santarosa.rs.gov.br\/?p=14986"},"modified":"2025-09-08T15:21:16","modified_gmt":"2025-09-08T18:21:16","slug":"prefeitura-realiza-3a-feira-da-saude","status":"publish","type":"post","link":"https:\/\/prefeitura.santarosa.rs.gov.br\/?p=14986","title":{"rendered":"Prefeitura realiza 3\u00aa Feira da Sa\u00fade"},"content":{"rendered":"\n<figure class=\"wp-block-image size-large\"><img fetchpriority=\"high\" decoding=\"async\" width=\"1024\" height=\"768\" src=\"https:\/\/prefeitura.santarosa.rs.gov.br\/wp-content\/uploads\/2025\/09\/WhatsApp-Image-2025-09-08-at-15.15.40-1024x768.jpeg\" alt=\"\" class=\"wp-image-14987\" srcset=\"https:\/\/prefeitura.santarosa.rs.gov.br\/wp-content\/uploads\/2025\/09\/WhatsApp-Image-2025-09-08-at-15.15.40-1024x768.jpeg 1024w, https:\/\/prefeitura.santarosa.rs.gov.br\/wp-content\/uploads\/2025\/09\/WhatsApp-Image-2025-09-08-at-15.15.40-300x225.jpeg 300w, https:\/\/prefeitura.santarosa.rs.gov.br\/wp-content\/uploads\/2025\/09\/WhatsApp-Image-2025-09-08-at-15.15.40-768x576.jpeg 768w, https:\/\/prefeitura.santarosa.rs.gov.br\/wp-content\/uploads\/2025\/09\/WhatsApp-Image-2025-09-08-at-15.15.40.jpeg 1280w\" sizes=\"(max-width: 1024px) 100vw, 1024px\" \/><\/figure>\n\n\n\n<p>A Prefeitura de Santa Rosa, por meio da Funda\u00e7\u00e3o Municipal de Sa\u00fade realizou na&nbsp;sexta-feira(05) a Feira da Sa\u00fade. A a\u00e7\u00e3o contou com mais de 30 atividades voltadas para a comunidade da J\u00falio de Oliveira, em Cruzeiro. O evento ocorreu durante todo o dia na Academia Aberta e movimentou mais de 400 pessoas.&nbsp;<\/p>\n\n\n\n<p>Com objetivo de desenvolver um dia todo especial voltado para a sa\u00fade, preven\u00e7\u00e3o e bem-estar, a equipe da FUMSSAR realizou uma programa\u00e7\u00e3o com diversas a\u00e7\u00f5es gratuitas. De acordo com a Gerente de APS, Lidiane Superti, \u201cA iniciativa refor\u00e7a o compromisso da Prefeitura e da FUMSSAR em promover a\u00e7\u00f5es de preven\u00e7\u00e3o, qualidade de vida e cuidado integral com a popula\u00e7\u00e3o. Contamos com uma intensa participa\u00e7\u00e3o da popula\u00e7\u00e3o que prestigiou a Feira\u201d. Foram realizadas a\u00e7\u00f5es como: verifica\u00e7\u00e3o de press\u00e3o arterial, glicemia, avalia\u00e7\u00e3o odontol\u00f3gica, testes r\u00e1pidos de HIV, S\u00edfilis e Hepatite B e C. A popula\u00e7\u00e3o tamb\u00e9m pode cortar cabelo, fazer limpeza de pele e sess\u00f5es de quiropraxia. As crian\u00e7as se divertiram com brinquedos infl\u00e1veis e pintura de rosto. Ao longo do dia a comunidade participou de atividades recreativas e lanches.&nbsp;<\/p>\n\n\n\n<p>A atividade teve apoios: Resid\u00eancias Multiprofissional e M\u00e9dica, Caps, sest\/Senat, Sesi, Senac, Senai, Fema,&nbsp;Seg, Unijui, Craip, Cer, Escolhinha de Tr\u00e2nsito, Vida e Sa\u00fade, Farm\u00e1cia do Pedrinho, Agafarma, CIEE, Centro de Refer\u00eancia da Mulher, Hemocentro, Rotary e volunt\u00e1rios da comunidade.<\/p>\n\n\n\n<p><\/p>\n","protected":false},"excerpt":{"rendered":"<p>A Prefeitura de Santa Rosa, por meio da Funda\u00e7\u00e3o Municipal de Sa\u00fade realizou na&nbsp;sexta-feira(05) a Feira da Sa\u00fade. A a\u00e7\u00e3o<\/p>\n","protected":false},"author":12,"featured_media":14988,"comment_status":"closed","ping_status":"closed","sticky":false,"template":"","format":"standard","meta":{"footnotes":""},"categories":[4,8],"tags":[],"class_list":["post-14986","post","type-post","status-publish","format-standard","has-post-thumbnail","hentry","category-noticias","category-noticias-fumssar"],"aioseo_notices":[],"_links":{"self":[{"href":"https:\/\/prefeitura.santarosa.rs.gov.br\/index.php?rest_route=\/wp\/v2\/posts\/14986","targetHints":{"allow":["GET"]}}],"collection":[{"href":"https:\/\/prefeitura.santarosa.rs.gov.br\/index.php?rest_route=\/wp\/v2\/posts"}],"about":[{"href":"https:\/\/prefeitura.santarosa.rs.gov.br\/index.php?rest_route=\/wp\/v2\/types\/post"}],"author":[{"embeddable":true,"href":"https:\/\/prefeitura.santarosa.rs.gov.br\/index.php?rest_route=\/wp\/v2\/users\/12"}],"replies":[{"embeddable":true,"href":"https:\/\/prefeitura.santarosa.rs.gov.br\/index.php?rest_route=%2Fwp%2Fv2%2Fcomments&post=14986"}],"version-history":[{"count":1,"href":"https:\/\/prefeitura.santarosa.rs.gov.br\/index.php?rest_route=\/wp\/v2\/posts\/14986\/revisions"}],"predecessor-version":[{"id":14989,"href":"https:\/\/prefeitura.santarosa.rs.gov.br\/index.php?rest_route=\/wp\/v2\/posts\/14986\/revisions\/14989"}],"wp:featuredmedia":[{"embeddable":true,"href":"https:\/\/prefeitura.santarosa.rs.gov.br\/index.php?rest_route=\/wp\/v2\/media\/14988"}],"wp:attachment":[{"href":"https:\/\/prefeitura.santarosa.rs.gov.br\/index.php?rest_route=%2Fwp%2Fv2%2Fmedia&parent=14986"}],"wp:term":[{"taxonomy":"category","embeddable":true,"href":"https:\/\/prefeitura.santarosa.rs.gov.br\/index.php?rest_route=%2Fwp%2Fv2%2Fcategories&post=14986"},{"taxonomy":"post_tag","embeddable":true,"href":"https:\/\/prefeitura.santarosa.rs.gov.br\/index.php?rest_route=%2Fwp%2Fv2%2Ftags&post=14986"}],"curies":[{"name":"wp","href":"https:\/\/api.w.org\/{rel}","templated":true}]}}