{"id":14972,"date":"2025-09-05T10:25:11","date_gmt":"2025-09-05T13:25:11","guid":{"rendered":"https:\/\/prefeitura.santarosa.rs.gov.br\/?p=14972"},"modified":"2025-09-05T10:25:12","modified_gmt":"2025-09-05T13:25:12","slug":"seminario-sobre-saude-mental","status":"publish","type":"post","link":"https:\/\/prefeitura.santarosa.rs.gov.br\/?p=14972","title":{"rendered":"Semin\u00e1rio sobre Sa\u00fade Mental"},"content":{"rendered":"\n<figure class=\"wp-block-image size-large\"><img fetchpriority=\"high\" decoding=\"async\" width=\"1024\" height=\"682\" src=\"https:\/\/prefeitura.santarosa.rs.gov.br\/wp-content\/uploads\/2025\/09\/WhatsApp-Image-2025-09-04-at-17.18.58-1-1-1024x682.jpeg\" alt=\"\" class=\"wp-image-14977\" srcset=\"https:\/\/prefeitura.santarosa.rs.gov.br\/wp-content\/uploads\/2025\/09\/WhatsApp-Image-2025-09-04-at-17.18.58-1-1-1024x682.jpeg 1024w, https:\/\/prefeitura.santarosa.rs.gov.br\/wp-content\/uploads\/2025\/09\/WhatsApp-Image-2025-09-04-at-17.18.58-1-1-300x200.jpeg 300w, https:\/\/prefeitura.santarosa.rs.gov.br\/wp-content\/uploads\/2025\/09\/WhatsApp-Image-2025-09-04-at-17.18.58-1-1-768x512.jpeg 768w, https:\/\/prefeitura.santarosa.rs.gov.br\/wp-content\/uploads\/2025\/09\/WhatsApp-Image-2025-09-04-at-17.18.58-1-1-1536x1023.jpeg 1536w, https:\/\/prefeitura.santarosa.rs.gov.br\/wp-content\/uploads\/2025\/09\/WhatsApp-Image-2025-09-04-at-17.18.58-1-1.jpeg 1600w\" sizes=\"(max-width: 1024px) 100vw, 1024px\" \/><\/figure>\n\n\n\n<p>A Prefeitura est\u00e1 realizando uma intensa programa\u00e7\u00e3o para o m\u00eas de setembro, em referencia a sa\u00fade mental. Nesta semana, entre as a\u00e7\u00f5es que a FUMSSAR realizou, o destaque ficou com o Semin\u00e1rio de Sa\u00fade Mental. Com o tema \u201cDesafios e estrat\u00e9gias de manejo na promo\u00e7\u00e3o de bem-estar e sa\u00fade mental infantojuvenil\u201d, a atividade contou com a participa\u00e7\u00e3o de especialistas, profissionais de sa\u00fade, educadores, fam\u00edlias e da comunidade.&nbsp;<\/p>\n\n\n\n<p>Promovido pela RAPS da FUMSSAR e FEMA, a a\u00e7\u00e3o teve como abordagens principais relacionados com a promo\u00e7\u00e3o da vida na inf\u00e2ncia e adolesc\u00eancia e com a preven\u00e7\u00e3o do suic\u00eddio. De acordo com a gerente da RAPS psic\u00f3loga Fl\u00e1via Albuquerque&nbsp; \u201cO evento refor\u00e7ou que a preven\u00e7\u00e3o do suic\u00eddio n\u00e3o \u00e9 responsabilidade apenas de profissionais, mas de toda a sociedade. A desmistifica\u00e7\u00e3o do tema e a capacita\u00e7\u00e3o para o di\u00e1logo s\u00e3o ferramentas poderosas. \u00c9 crucial que as pessoas saibam como abordarem o assunto sem tabus, oferecendo um espa\u00e7o seguro para que o jovem possa expressar seu sofrimento\u201d. Abordagens sobre o bem-estar emocional e psicol\u00f3gico das novas gera\u00e7\u00f5es tamb\u00e9m foram relacionadas.&nbsp;<\/p>\n\n\n\n<p>Especialistas ressaltaram a necessidade de fortalecer as redes de apoio. Isso inclui a fam\u00edlia, a escola e a comunidade. Segundo os palestrantes, o ambiente familiar deve ser um porto seguro, onde o di\u00e1logo aberto e a escuta ativa s\u00e3o incentivados. Nas escolas, \u00e9 fundamental que a educa\u00e7\u00e3o socioemocional seja parte do curr\u00edculo, ensinando as crian\u00e7as a lidar com suas emo\u00e7\u00f5es e a construir resili\u00eancia.<\/p>\n\n\n\n<p>Os participantes tamb\u00e9m discutiram a identifica\u00e7\u00e3o dos sinais de alerta em jovens, como o isolamento social, mudan\u00e7as bruscas de humor, perda de interesse em atividades antes prazeirosas e falas que expressam desesperan\u00e7a.<\/p>\n","protected":false},"excerpt":{"rendered":"<p>A Prefeitura est\u00e1 realizando uma intensa programa\u00e7\u00e3o para o m\u00eas de setembro, em referencia a sa\u00fade mental. Nesta semana, entre<\/p>\n","protected":false},"author":12,"featured_media":14978,"comment_status":"closed","ping_status":"closed","sticky":false,"template":"","format":"standard","meta":{"footnotes":""},"categories":[4,8],"tags":[],"class_list":["post-14972","post","type-post","status-publish","format-standard","has-post-thumbnail","hentry","category-noticias","category-noticias-fumssar"],"aioseo_notices":[],"_links":{"self":[{"href":"https:\/\/prefeitura.santarosa.rs.gov.br\/index.php?rest_route=\/wp\/v2\/posts\/14972","targetHints":{"allow":["GET"]}}],"collection":[{"href":"https:\/\/prefeitura.santarosa.rs.gov.br\/index.php?rest_route=\/wp\/v2\/posts"}],"about":[{"href":"https:\/\/prefeitura.santarosa.rs.gov.br\/index.php?rest_route=\/wp\/v2\/types\/post"}],"author":[{"embeddable":true,"href":"https:\/\/prefeitura.santarosa.rs.gov.br\/index.php?rest_route=\/wp\/v2\/users\/12"}],"replies":[{"embeddable":true,"href":"https:\/\/prefeitura.santarosa.rs.gov.br\/index.php?rest_route=%2Fwp%2Fv2%2Fcomments&post=14972"}],"version-history":[{"count":1,"href":"https:\/\/prefeitura.santarosa.rs.gov.br\/index.php?rest_route=\/wp\/v2\/posts\/14972\/revisions"}],"predecessor-version":[{"id":14979,"href":"https:\/\/prefeitura.santarosa.rs.gov.br\/index.php?rest_route=\/wp\/v2\/posts\/14972\/revisions\/14979"}],"wp:featuredmedia":[{"embeddable":true,"href":"https:\/\/prefeitura.santarosa.rs.gov.br\/index.php?rest_route=\/wp\/v2\/media\/14978"}],"wp:attachment":[{"href":"https:\/\/prefeitura.santarosa.rs.gov.br\/index.php?rest_route=%2Fwp%2Fv2%2Fmedia&parent=14972"}],"wp:term":[{"taxonomy":"category","embeddable":true,"href":"https:\/\/prefeitura.santarosa.rs.gov.br\/index.php?rest_route=%2Fwp%2Fv2%2Fcategories&post=14972"},{"taxonomy":"post_tag","embeddable":true,"href":"https:\/\/prefeitura.santarosa.rs.gov.br\/index.php?rest_route=%2Fwp%2Fv2%2Ftags&post=14972"}],"curies":[{"name":"wp","href":"https:\/\/api.w.org\/{rel}","templated":true}]}}