{"id":14968,"date":"2025-09-04T08:54:53","date_gmt":"2025-09-04T11:54:53","guid":{"rendered":"https:\/\/prefeitura.santarosa.rs.gov.br\/?p=14968"},"modified":"2025-09-05T08:58:02","modified_gmt":"2025-09-05T11:58:02","slug":"prefeitura-realiza-projeto-cras-com-voce","status":"publish","type":"post","link":"https:\/\/prefeitura.santarosa.rs.gov.br\/?p=14968","title":{"rendered":"Prefeitura realiza Projeto\u00a0 CRAS com Voc\u00ea!"},"content":{"rendered":"\n<figure class=\"wp-block-image size-large\"><img fetchpriority=\"high\" decoding=\"async\" width=\"1024\" height=\"801\" src=\"https:\/\/prefeitura.santarosa.rs.gov.br\/wp-content\/uploads\/2025\/09\/WhatsApp-Image-2025-09-04-at-14.04.07-1024x801.jpeg\" alt=\"\" class=\"wp-image-14969\" srcset=\"https:\/\/prefeitura.santarosa.rs.gov.br\/wp-content\/uploads\/2025\/09\/WhatsApp-Image-2025-09-04-at-14.04.07-1024x801.jpeg 1024w, https:\/\/prefeitura.santarosa.rs.gov.br\/wp-content\/uploads\/2025\/09\/WhatsApp-Image-2025-09-04-at-14.04.07-300x235.jpeg 300w, https:\/\/prefeitura.santarosa.rs.gov.br\/wp-content\/uploads\/2025\/09\/WhatsApp-Image-2025-09-04-at-14.04.07-768x601.jpeg 768w, https:\/\/prefeitura.santarosa.rs.gov.br\/wp-content\/uploads\/2025\/09\/WhatsApp-Image-2025-09-04-at-14.04.07-1536x1202.jpeg 1536w, https:\/\/prefeitura.santarosa.rs.gov.br\/wp-content\/uploads\/2025\/09\/WhatsApp-Image-2025-09-04-at-14.04.07.jpeg 1600w\" sizes=\"(max-width: 1024px) 100vw, 1024px\" \/><\/figure>\n\n\n\n<p>Nesta semana, retornaram as atividades de um importante Projeto do Desenvolvimento Social, o CRAS com Voc\u00ea!. A atividade aconteceu com as comunidades de \u00c1gua Santa, Guabiroba, Lajeado Tigre, Candeia Baixa, Auxiliadora I e Auxiliadora II. O objetivo \u00e9 levar o atendimento social at\u00e9 os cidad\u00e3os, ampliando as interven\u00e7\u00f5es na \u00e1rea urbana e rural.&nbsp;<\/p>\n\n\n\n<p>Durante os encontros, s\u00e3o realizadas atividades que potencializam o desenvolvimento de autonomia das fam\u00edlias. A Secret\u00e1ria de Desenvolvimento Social, Rita Strasser, destaca a import\u00e2ncia do projeto para a popula\u00e7\u00e3o, \u201cO CRAS com Voc\u00ea busca aproximar as fam\u00edlias atrav\u00e9s de palestras, debates e informa\u00e7\u00f5es sobre a rede de servi\u00e7os dispon\u00edveis no munic\u00edpio. \u00c9 uma excelente oportunidade para juntos constru\u00edmos propostas que colocam os usu\u00e1rios da Pol\u00edtica de Assist\u00eancia Social como protagonistas de todo o processo\u201d. Rita destaca ainda que a inten\u00e7\u00e3o \u00e9 tamb\u00e9m viabilizar espa\u00e7os de discuss\u00f5es que possibilitem a compreens\u00e3o do SUAS e os interesses e necessidades dos grupos.<\/p>\n\n\n\n<p>O CRAS com Voc\u00ea conta com a participa\u00e7\u00e3o dos demais setores do munic\u00edpio que apresentam para a comunidade os servi\u00e7os, programas e projetos para o atendimento das fam\u00edlias. Os encontros acontecem seguindo o calend\u00e1rio divulgado nas redes sociais da prefeitura e tamb\u00e9m divulgado nas comunidades.&nbsp; Em setembro ser\u00e1 trabalhado o tema Protagonismo Social. O pr\u00f3ximo encontro ser\u00e1 para as comunidades da J\u00falio de Oliveira, Pedro Esperoni e Valdemar Pisoni no dia&nbsp;09 de setembro&nbsp;no sal\u00e3o da comunidade da J\u00falio.<\/p>\n","protected":false},"excerpt":{"rendered":"<p>Nesta semana, retornaram as atividades de um importante Projeto do Desenvolvimento Social, o CRAS com Voc\u00ea!. A atividade aconteceu com<\/p>\n","protected":false},"author":12,"featured_media":14970,"comment_status":"closed","ping_status":"closed","sticky":false,"template":"","format":"standard","meta":{"footnotes":""},"categories":[4,17],"tags":[],"class_list":["post-14968","post","type-post","status-publish","format-standard","has-post-thumbnail","hentry","category-noticias","category-secretaria-municipal-de-desenvolvimento-social"],"aioseo_notices":[],"_links":{"self":[{"href":"https:\/\/prefeitura.santarosa.rs.gov.br\/index.php?rest_route=\/wp\/v2\/posts\/14968","targetHints":{"allow":["GET"]}}],"collection":[{"href":"https:\/\/prefeitura.santarosa.rs.gov.br\/index.php?rest_route=\/wp\/v2\/posts"}],"about":[{"href":"https:\/\/prefeitura.santarosa.rs.gov.br\/index.php?rest_route=\/wp\/v2\/types\/post"}],"author":[{"embeddable":true,"href":"https:\/\/prefeitura.santarosa.rs.gov.br\/index.php?rest_route=\/wp\/v2\/users\/12"}],"replies":[{"embeddable":true,"href":"https:\/\/prefeitura.santarosa.rs.gov.br\/index.php?rest_route=%2Fwp%2Fv2%2Fcomments&post=14968"}],"version-history":[{"count":1,"href":"https:\/\/prefeitura.santarosa.rs.gov.br\/index.php?rest_route=\/wp\/v2\/posts\/14968\/revisions"}],"predecessor-version":[{"id":14971,"href":"https:\/\/prefeitura.santarosa.rs.gov.br\/index.php?rest_route=\/wp\/v2\/posts\/14968\/revisions\/14971"}],"wp:featuredmedia":[{"embeddable":true,"href":"https:\/\/prefeitura.santarosa.rs.gov.br\/index.php?rest_route=\/wp\/v2\/media\/14970"}],"wp:attachment":[{"href":"https:\/\/prefeitura.santarosa.rs.gov.br\/index.php?rest_route=%2Fwp%2Fv2%2Fmedia&parent=14968"}],"wp:term":[{"taxonomy":"category","embeddable":true,"href":"https:\/\/prefeitura.santarosa.rs.gov.br\/index.php?rest_route=%2Fwp%2Fv2%2Fcategories&post=14968"},{"taxonomy":"post_tag","embeddable":true,"href":"https:\/\/prefeitura.santarosa.rs.gov.br\/index.php?rest_route=%2Fwp%2Fv2%2Ftags&post=14968"}],"curies":[{"name":"wp","href":"https:\/\/api.w.org\/{rel}","templated":true}]}}