{"id":14964,"date":"2025-09-04T08:40:42","date_gmt":"2025-09-04T11:40:42","guid":{"rendered":"https:\/\/prefeitura.santarosa.rs.gov.br\/?p=14964"},"modified":"2025-09-05T08:43:16","modified_gmt":"2025-09-05T11:43:16","slug":"educacao-e-saude-bucal","status":"publish","type":"post","link":"https:\/\/prefeitura.santarosa.rs.gov.br\/?p=14964","title":{"rendered":"Educa\u00e7\u00e3o e Sa\u00fade Bucal!"},"content":{"rendered":"\n<figure class=\"wp-block-image size-large\"><img fetchpriority=\"high\" decoding=\"async\" width=\"1024\" height=\"768\" src=\"https:\/\/prefeitura.santarosa.rs.gov.br\/wp-content\/uploads\/2025\/09\/WhatsApp-Image-2025-09-03-at-17.03.33-1024x768.jpeg\" alt=\"\" class=\"wp-image-14965\" srcset=\"https:\/\/prefeitura.santarosa.rs.gov.br\/wp-content\/uploads\/2025\/09\/WhatsApp-Image-2025-09-03-at-17.03.33-1024x768.jpeg 1024w, https:\/\/prefeitura.santarosa.rs.gov.br\/wp-content\/uploads\/2025\/09\/WhatsApp-Image-2025-09-03-at-17.03.33-300x225.jpeg 300w, https:\/\/prefeitura.santarosa.rs.gov.br\/wp-content\/uploads\/2025\/09\/WhatsApp-Image-2025-09-03-at-17.03.33-768x576.jpeg 768w, https:\/\/prefeitura.santarosa.rs.gov.br\/wp-content\/uploads\/2025\/09\/WhatsApp-Image-2025-09-03-at-17.03.33.jpeg 1156w\" sizes=\"(max-width: 1024px) 100vw, 1024px\" \/><\/figure>\n\n\n\n<p>A EMEI Her\u00f3is do Futuro realizou uma importante a\u00e7\u00e3o de promo\u00e7\u00e3o \u00e0 sa\u00fade bucal.<\/p>\n\n\n\n<p>&nbsp;A equipe de dentistas da UBS Planalto, com o apoio dos profissionais da Resid\u00eancia Multiprofissional em Sa\u00fade da Fam\u00edlia estiveram na escola. Na oportunidade, falaram com as crian\u00e7as sobre a import\u00e2ncia da escova\u00e7\u00e3o correta.<\/p>\n\n\n\n<p>As crian\u00e7as foram avaliadas pelos dentistas&nbsp; e tamb\u00e9m receberam kits de higiene bucal, contendo escova e creme dental. Tamb\u00e9m foram realizadas orienta\u00e7\u00f5es educativas sobre os cuidados com os dentes, refor\u00e7ando a import\u00e2ncia da preven\u00e7\u00e3o desde a inf\u00e2ncia.<\/p>\n","protected":false},"excerpt":{"rendered":"<p>A EMEI Her\u00f3is do Futuro realizou uma importante a\u00e7\u00e3o de promo\u00e7\u00e3o \u00e0 sa\u00fade bucal. &nbsp;A equipe de dentistas da UBS<\/p>\n","protected":false},"author":12,"featured_media":14966,"comment_status":"closed","ping_status":"closed","sticky":false,"template":"","format":"standard","meta":{"footnotes":""},"categories":[4,8],"tags":[],"class_list":["post-14964","post","type-post","status-publish","format-standard","has-post-thumbnail","hentry","category-noticias","category-noticias-fumssar"],"aioseo_notices":[],"_links":{"self":[{"href":"https:\/\/prefeitura.santarosa.rs.gov.br\/index.php?rest_route=\/wp\/v2\/posts\/14964","targetHints":{"allow":["GET"]}}],"collection":[{"href":"https:\/\/prefeitura.santarosa.rs.gov.br\/index.php?rest_route=\/wp\/v2\/posts"}],"about":[{"href":"https:\/\/prefeitura.santarosa.rs.gov.br\/index.php?rest_route=\/wp\/v2\/types\/post"}],"author":[{"embeddable":true,"href":"https:\/\/prefeitura.santarosa.rs.gov.br\/index.php?rest_route=\/wp\/v2\/users\/12"}],"replies":[{"embeddable":true,"href":"https:\/\/prefeitura.santarosa.rs.gov.br\/index.php?rest_route=%2Fwp%2Fv2%2Fcomments&post=14964"}],"version-history":[{"count":1,"href":"https:\/\/prefeitura.santarosa.rs.gov.br\/index.php?rest_route=\/wp\/v2\/posts\/14964\/revisions"}],"predecessor-version":[{"id":14967,"href":"https:\/\/prefeitura.santarosa.rs.gov.br\/index.php?rest_route=\/wp\/v2\/posts\/14964\/revisions\/14967"}],"wp:featuredmedia":[{"embeddable":true,"href":"https:\/\/prefeitura.santarosa.rs.gov.br\/index.php?rest_route=\/wp\/v2\/media\/14966"}],"wp:attachment":[{"href":"https:\/\/prefeitura.santarosa.rs.gov.br\/index.php?rest_route=%2Fwp%2Fv2%2Fmedia&parent=14964"}],"wp:term":[{"taxonomy":"category","embeddable":true,"href":"https:\/\/prefeitura.santarosa.rs.gov.br\/index.php?rest_route=%2Fwp%2Fv2%2Fcategories&post=14964"},{"taxonomy":"post_tag","embeddable":true,"href":"https:\/\/prefeitura.santarosa.rs.gov.br\/index.php?rest_route=%2Fwp%2Fv2%2Ftags&post=14964"}],"curies":[{"name":"wp","href":"https:\/\/api.w.org\/{rel}","templated":true}]}}