{"id":1496,"date":"2021-05-25T17:04:00","date_gmt":"2021-05-25T20:04:00","guid":{"rendered":"https:\/\/prefeitura.santarosa.rs.gov.br\/?p=1496"},"modified":"2024-10-07T09:55:02","modified_gmt":"2024-10-07T12:55:02","slug":"fumssar-disponibiliza-atendimento-pediatrico","status":"publish","type":"post","link":"https:\/\/prefeitura.santarosa.rs.gov.br\/?p=1496","title":{"rendered":"FUMSSAR disponibiliza atendimento pedi\u00e1trico"},"content":{"rendered":"\n<p>Em m\u00e9dia s\u00e3o realizadas 08 consultas no turno da manh\u00e3, todos os dias, de segunda a sexta-feira, das 07h30 \u00e0s 11h30, mediante agendamento.<\/p>\n\n\n\n<p>A Funda\u00e7\u00e3o Municipal de Sa\u00fade de Santa Rosa oferece atendimento pedi\u00e1trico no Centro de Especialidades. Al\u00e9m da consulta com o pediatra, o paciente recebe um atendimento multiprofissional na Unidade B\u00e1sica de Sa\u00fade. Em m\u00e9dia s\u00e3o realizadas 08 consultas no turno da manh\u00e3, todos os dias, de segunda a sexta-feira, das 07h30 \u00e0s 11h30, mediante agendamento.<br><br>Quando uma crian\u00e7a \u00e9 levada at\u00e9 a UBS, ela recebe avalia\u00e7\u00e3o dos profissionais da sa\u00fade: t\u00e9cnico de enfermagem, enfermeiro e do m\u00e9dico de fam\u00edlia. Ap\u00f3s esta avalia\u00e7\u00e3o, se necess\u00e1rio, a crian\u00e7a \u00e9 encaminhada para consulta com o pediatra no Centro de Especialidades. O m\u00e9dico F\u00e1bio Ant\u00f4nio Queruz, pediatra da FUMSSAR \u00e9 o profissional que oferece esse atendimento pedi\u00e1trico.<br><br>Nas segundas-feiras, no turno da tarde, o pediatra atende pacientes egressos da UTI Neonatal, que recebem um atendimento personalizado devido \u00e0 complexidade de seu quadro m\u00e9dico. Outro servi\u00e7o disponibilizado pela funda\u00e7\u00e3o \u00e9 o matriciamento. Em algumas tardes da semana, o pediatra assessora os profissionais de sa\u00fade das UBS\u2019s no diagn\u00f3stico e tratamento de alguns pacientes. Para o presidente da FUMSSAR, D\u00e9lcio Stefan, o matriciamento \u00e9 uma excelente ferramenta para o per\u00edodo em que estamos vivendo. \u201cAs consultas \u00e0 dist\u00e2ncia garantem em tempos de pandemia, que se mantenha o compromisso de atender os usu\u00e1rios, sem colocar pacientes, nem profissionais em risco. Tamb\u00e9m prioriza no consult\u00f3rio aqueles pacientes que est\u00e3o com uma situa\u00e7\u00e3o mais delicada e que necessariamente precisam de uma consulta presencial com o pediatra\u201d.<br><br>Na vis\u00e3o do pediatra F\u00e1bio, o matriciamento \u00e9 tamb\u00e9m, uma alternativa para as consultas de rotina e casos com sintomas leves. Atrav\u00e9s dele, tamb\u00e9m existe o benef\u00edcio de que v\u00e1rios profissionais em conjunto avaliam o paciente, resultando em um diagn\u00f3stico e tratamento mais corretos, \u201cEm uma das situa\u00e7\u00f5es, avaliei uma les\u00e3o de pele de uma crian\u00e7a. O matriciamento oferece a op\u00e7\u00e3o de ver fotos do paciente, \u00e1udios do enfermeiro\/m\u00e9dico que est\u00e1 atendendo esta crian\u00e7a e, a partir disso, fazer a avalia\u00e7\u00e3o geral dela. Al\u00e9m disso, \u00e9 poss\u00edvel acessar todo o prontu\u00e1rio do paciente, com isso conseguimos dar uma orienta\u00e7\u00e3o mais assertiva de tratamento\u201d.<br>O atendimento pedi\u00e1trico \u00e9 realizado para crian\u00e7as de 0 a 12 anos. A partir desta idade, o paciente j\u00e1 pode consultar com o m\u00e9dico cl\u00ednico geral. O Centro de Especialidades fica no pr\u00e9dio da FUMSSAR, localizado na Rua Dr. Francisco Timm, 480, Centro &#8211; Santa Rosa.<\/p>\n","protected":false},"excerpt":{"rendered":"<p>Em m\u00e9dia s\u00e3o realizadas 08 consultas no turno da manh\u00e3, todos os dias, de segunda a sexta-feira, das 07h30 \u00e0s<\/p>\n","protected":false},"author":3,"featured_media":1497,"comment_status":"open","ping_status":"open","sticky":false,"template":"","format":"standard","meta":{"footnotes":""},"categories":[4,8],"tags":[],"class_list":["post-1496","post","type-post","status-publish","format-standard","has-post-thumbnail","hentry","category-noticias","category-noticias-fumssar"],"aioseo_notices":[],"_links":{"self":[{"href":"https:\/\/prefeitura.santarosa.rs.gov.br\/index.php?rest_route=\/wp\/v2\/posts\/1496","targetHints":{"allow":["GET"]}}],"collection":[{"href":"https:\/\/prefeitura.santarosa.rs.gov.br\/index.php?rest_route=\/wp\/v2\/posts"}],"about":[{"href":"https:\/\/prefeitura.santarosa.rs.gov.br\/index.php?rest_route=\/wp\/v2\/types\/post"}],"author":[{"embeddable":true,"href":"https:\/\/prefeitura.santarosa.rs.gov.br\/index.php?rest_route=\/wp\/v2\/users\/3"}],"replies":[{"embeddable":true,"href":"https:\/\/prefeitura.santarosa.rs.gov.br\/index.php?rest_route=%2Fwp%2Fv2%2Fcomments&post=1496"}],"version-history":[{"count":1,"href":"https:\/\/prefeitura.santarosa.rs.gov.br\/index.php?rest_route=\/wp\/v2\/posts\/1496\/revisions"}],"predecessor-version":[{"id":1498,"href":"https:\/\/prefeitura.santarosa.rs.gov.br\/index.php?rest_route=\/wp\/v2\/posts\/1496\/revisions\/1498"}],"wp:featuredmedia":[{"embeddable":true,"href":"https:\/\/prefeitura.santarosa.rs.gov.br\/index.php?rest_route=\/wp\/v2\/media\/1497"}],"wp:attachment":[{"href":"https:\/\/prefeitura.santarosa.rs.gov.br\/index.php?rest_route=%2Fwp%2Fv2%2Fmedia&parent=1496"}],"wp:term":[{"taxonomy":"category","embeddable":true,"href":"https:\/\/prefeitura.santarosa.rs.gov.br\/index.php?rest_route=%2Fwp%2Fv2%2Fcategories&post=1496"},{"taxonomy":"post_tag","embeddable":true,"href":"https:\/\/prefeitura.santarosa.rs.gov.br\/index.php?rest_route=%2Fwp%2Fv2%2Ftags&post=1496"}],"curies":[{"name":"wp","href":"https:\/\/api.w.org\/{rel}","templated":true}]}}