{"id":14956,"date":"2025-09-04T08:10:03","date_gmt":"2025-09-04T11:10:03","guid":{"rendered":"https:\/\/prefeitura.santarosa.rs.gov.br\/?p=14956"},"modified":"2025-09-05T08:32:43","modified_gmt":"2025-09-05T11:32:43","slug":"inscricoes-abertas-para-o-clube-de-leitura-em-espanhol-da-biblioteca-municipal-olavo-bilac","status":"publish","type":"post","link":"https:\/\/prefeitura.santarosa.rs.gov.br\/?p=14956","title":{"rendered":"Inscri\u00e7\u00f5es abertas para o Clube de Leitura em Espanhol da Biblioteca Municipal Olavo Bilac"},"content":{"rendered":"\n<figure class=\"wp-block-image size-large\"><img fetchpriority=\"high\" decoding=\"async\" width=\"1024\" height=\"691\" src=\"https:\/\/prefeitura.santarosa.rs.gov.br\/wp-content\/uploads\/2025\/09\/Formato-Portal-do-Cidadao-1600X1080JPG-39-1024x691.jpg\" alt=\"\" class=\"wp-image-14961\" srcset=\"https:\/\/prefeitura.santarosa.rs.gov.br\/wp-content\/uploads\/2025\/09\/Formato-Portal-do-Cidadao-1600X1080JPG-39-1024x691.jpg 1024w, https:\/\/prefeitura.santarosa.rs.gov.br\/wp-content\/uploads\/2025\/09\/Formato-Portal-do-Cidadao-1600X1080JPG-39-300x203.jpg 300w, https:\/\/prefeitura.santarosa.rs.gov.br\/wp-content\/uploads\/2025\/09\/Formato-Portal-do-Cidadao-1600X1080JPG-39-768x518.jpg 768w, https:\/\/prefeitura.santarosa.rs.gov.br\/wp-content\/uploads\/2025\/09\/Formato-Portal-do-Cidadao-1600X1080JPG-39-1536x1037.jpg 1536w, https:\/\/prefeitura.santarosa.rs.gov.br\/wp-content\/uploads\/2025\/09\/Formato-Portal-do-Cidadao-1600X1080JPG-39.jpg 1600w\" sizes=\"(max-width: 1024px) 100vw, 1024px\" \/><\/figure>\n\n\n\n<p>A Biblioteca Municipal Olavo Bilac, estar\u00e1 com inscri\u00e7\u00f5es abertas para o Clube de Leitura em Espanhol. A a\u00e7\u00e3o tem como objetivo aprimorar a flu\u00eancia na l\u00edngua espanhola, com leituras, discuss\u00f5es e estimular o conv\u00edcio social.<\/p>\n\n\n\n<p>As inscri\u00e7\u00f5es estar\u00e3o abertas de 08 a&nbsp;12 de setembro. Os encontros ocorrer\u00e3o uma vez por m\u00eas, na Biblioteca Municipal Olavo Bilac, com datas espec\u00edficas. O primeiro encontro ser\u00e1 dia&nbsp;27 de setembro&nbsp;\u00e0s 10h.<\/p>\n\n\n\n<p>Mais informa\u00e7\u00f5es podem ser obtidas pelo telefone:&nbsp;<a href=\"callto:(55)%203511-5127\">(55) 3511-5127<\/a>&nbsp;(WhatsApp).<\/p>\n\n\n\n<p><\/p>\n","protected":false},"excerpt":{"rendered":"<p>A Biblioteca Municipal Olavo Bilac, estar\u00e1 com inscri\u00e7\u00f5es abertas para o Clube de Leitura em Espanhol. A a\u00e7\u00e3o tem como<\/p>\n","protected":false},"author":12,"featured_media":14962,"comment_status":"closed","ping_status":"closed","sticky":false,"template":"","format":"standard","meta":{"footnotes":""},"categories":[4,18],"tags":[],"class_list":["post-14956","post","type-post","status-publish","format-standard","has-post-thumbnail","hentry","category-noticias","category-secretaria-municipal-de-educacao-e-cultura"],"aioseo_notices":[],"_links":{"self":[{"href":"https:\/\/prefeitura.santarosa.rs.gov.br\/index.php?rest_route=\/wp\/v2\/posts\/14956","targetHints":{"allow":["GET"]}}],"collection":[{"href":"https:\/\/prefeitura.santarosa.rs.gov.br\/index.php?rest_route=\/wp\/v2\/posts"}],"about":[{"href":"https:\/\/prefeitura.santarosa.rs.gov.br\/index.php?rest_route=\/wp\/v2\/types\/post"}],"author":[{"embeddable":true,"href":"https:\/\/prefeitura.santarosa.rs.gov.br\/index.php?rest_route=\/wp\/v2\/users\/12"}],"replies":[{"embeddable":true,"href":"https:\/\/prefeitura.santarosa.rs.gov.br\/index.php?rest_route=%2Fwp%2Fv2%2Fcomments&post=14956"}],"version-history":[{"count":2,"href":"https:\/\/prefeitura.santarosa.rs.gov.br\/index.php?rest_route=\/wp\/v2\/posts\/14956\/revisions"}],"predecessor-version":[{"id":14963,"href":"https:\/\/prefeitura.santarosa.rs.gov.br\/index.php?rest_route=\/wp\/v2\/posts\/14956\/revisions\/14963"}],"wp:featuredmedia":[{"embeddable":true,"href":"https:\/\/prefeitura.santarosa.rs.gov.br\/index.php?rest_route=\/wp\/v2\/media\/14962"}],"wp:attachment":[{"href":"https:\/\/prefeitura.santarosa.rs.gov.br\/index.php?rest_route=%2Fwp%2Fv2%2Fmedia&parent=14956"}],"wp:term":[{"taxonomy":"category","embeddable":true,"href":"https:\/\/prefeitura.santarosa.rs.gov.br\/index.php?rest_route=%2Fwp%2Fv2%2Fcategories&post=14956"},{"taxonomy":"post_tag","embeddable":true,"href":"https:\/\/prefeitura.santarosa.rs.gov.br\/index.php?rest_route=%2Fwp%2Fv2%2Ftags&post=14956"}],"curies":[{"name":"wp","href":"https:\/\/api.w.org\/{rel}","templated":true}]}}