{"id":14950,"date":"2025-09-03T16:29:55","date_gmt":"2025-09-03T19:29:55","guid":{"rendered":"https:\/\/prefeitura.santarosa.rs.gov.br\/?p=14950"},"modified":"2025-09-03T16:29:55","modified_gmt":"2025-09-03T19:29:55","slug":"investimentos-no-turismo-rural","status":"publish","type":"post","link":"https:\/\/prefeitura.santarosa.rs.gov.br\/?p=14950","title":{"rendered":"Investimentos no Turismo Rural"},"content":{"rendered":"\n<figure class=\"wp-block-image size-large\"><img fetchpriority=\"high\" decoding=\"async\" width=\"1024\" height=\"768\" src=\"https:\/\/prefeitura.santarosa.rs.gov.br\/wp-content\/uploads\/2025\/09\/WhatsApp-Image-2025-09-03-at-16.22.31-1024x768.jpeg\" alt=\"\" class=\"wp-image-14951\" srcset=\"https:\/\/prefeitura.santarosa.rs.gov.br\/wp-content\/uploads\/2025\/09\/WhatsApp-Image-2025-09-03-at-16.22.31-1024x768.jpeg 1024w, https:\/\/prefeitura.santarosa.rs.gov.br\/wp-content\/uploads\/2025\/09\/WhatsApp-Image-2025-09-03-at-16.22.31-300x225.jpeg 300w, https:\/\/prefeitura.santarosa.rs.gov.br\/wp-content\/uploads\/2025\/09\/WhatsApp-Image-2025-09-03-at-16.22.31-768x576.jpeg 768w, https:\/\/prefeitura.santarosa.rs.gov.br\/wp-content\/uploads\/2025\/09\/WhatsApp-Image-2025-09-03-at-16.22.31.jpeg 1280w\" sizes=\"(max-width: 1024px) 100vw, 1024px\" \/><\/figure>\n\n\n\n<p>O Plano de Turismo desenvolvido pela Prefeitura em parceria com o Sebrae est\u00e1 em pleno desenvolvimento.<\/p>\n\n\n\n<p>V\u00e1rias a\u00e7\u00f5es est\u00e3o sendo realizadas com as empresas cadastradas. Treinamentos, apresenta\u00e7\u00e3o de levantamentos entre&nbsp; outras atividades j\u00e1 foram desenvolvidas nesse um ano de a\u00e7\u00e3o, desde a entrega do Plano. Agora, a Prefeitura est\u00e1 verificando as necessidades de diversos locais que atuam com turismo, para implementar melhorias.&nbsp;<\/p>\n\n\n\n<p>O vice-prefeito Aldemir Ulrich esteve em v\u00e1rias localidades que atuam com turismo. Na oportunidade, ele conheceu as condi\u00e7\u00f5es de acesso dessas propriedades que recebem semanalmente turistas, \u201cMuitas a\u00e7\u00f5es j\u00e1 come\u00e7amos a realizar nesta semana mesmo, com melhorias no acesso das localidades. Nosso trabalho no interior est\u00e1 sendo intensificado em v\u00e1rias frentes, e queremos avan\u00e7ar ainda mais nessas localidades que est\u00e3o investindo e acreditando no turismo rural\u201d.\u00a0 O vice-prefeito destacou ainda que vai seguir visitando demais empreendimentos para que o projeto avance cada vez mais.\u00a0<\/p>\n\n\n\n<p>O material asf\u00e1ltico removido da pista do aeroporto est\u00e1 sendo reciclado e utilizado em estradas do interior que t\u00eam acesso nos empreendimentos tur\u00edsticos.&nbsp; Dolores Jek que mora no Lajeado Figueira agradeceu as melhorias implementadas nessa semana, \u201cFicou muito bom, ficou top, temos outro acesso agora para quem vem em nosso S\u00edtio para o turismo\u201d. A Prefeitura vai seguir realizando diversas melhorias previstas no Plano de Turismo de Santa Rosa.<\/p>\n","protected":false},"excerpt":{"rendered":"<p>O Plano de Turismo desenvolvido pela Prefeitura em parceria com o Sebrae est\u00e1 em pleno desenvolvimento. V\u00e1rias a\u00e7\u00f5es est\u00e3o sendo<\/p>\n","protected":false},"author":12,"featured_media":14952,"comment_status":"closed","ping_status":"closed","sticky":false,"template":"","format":"standard","meta":{"footnotes":""},"categories":[4,16],"tags":[],"class_list":["post-14950","post","type-post","status-publish","format-standard","has-post-thumbnail","hentry","category-noticias","category-secretaria-municipal-de-desenvolvimento-economico-turismo-e-tecnologia"],"aioseo_notices":[],"_links":{"self":[{"href":"https:\/\/prefeitura.santarosa.rs.gov.br\/index.php?rest_route=\/wp\/v2\/posts\/14950","targetHints":{"allow":["GET"]}}],"collection":[{"href":"https:\/\/prefeitura.santarosa.rs.gov.br\/index.php?rest_route=\/wp\/v2\/posts"}],"about":[{"href":"https:\/\/prefeitura.santarosa.rs.gov.br\/index.php?rest_route=\/wp\/v2\/types\/post"}],"author":[{"embeddable":true,"href":"https:\/\/prefeitura.santarosa.rs.gov.br\/index.php?rest_route=\/wp\/v2\/users\/12"}],"replies":[{"embeddable":true,"href":"https:\/\/prefeitura.santarosa.rs.gov.br\/index.php?rest_route=%2Fwp%2Fv2%2Fcomments&post=14950"}],"version-history":[{"count":1,"href":"https:\/\/prefeitura.santarosa.rs.gov.br\/index.php?rest_route=\/wp\/v2\/posts\/14950\/revisions"}],"predecessor-version":[{"id":14953,"href":"https:\/\/prefeitura.santarosa.rs.gov.br\/index.php?rest_route=\/wp\/v2\/posts\/14950\/revisions\/14953"}],"wp:featuredmedia":[{"embeddable":true,"href":"https:\/\/prefeitura.santarosa.rs.gov.br\/index.php?rest_route=\/wp\/v2\/media\/14952"}],"wp:attachment":[{"href":"https:\/\/prefeitura.santarosa.rs.gov.br\/index.php?rest_route=%2Fwp%2Fv2%2Fmedia&parent=14950"}],"wp:term":[{"taxonomy":"category","embeddable":true,"href":"https:\/\/prefeitura.santarosa.rs.gov.br\/index.php?rest_route=%2Fwp%2Fv2%2Fcategories&post=14950"},{"taxonomy":"post_tag","embeddable":true,"href":"https:\/\/prefeitura.santarosa.rs.gov.br\/index.php?rest_route=%2Fwp%2Fv2%2Ftags&post=14950"}],"curies":[{"name":"wp","href":"https:\/\/api.w.org\/{rel}","templated":true}]}}