{"id":14944,"date":"2025-09-03T15:05:05","date_gmt":"2025-09-03T18:05:05","guid":{"rendered":"https:\/\/prefeitura.santarosa.rs.gov.br\/?p=14944"},"modified":"2025-09-03T15:12:01","modified_gmt":"2025-09-03T18:12:01","slug":"educacao-no-transito-para-alunos-da-rede-municipal","status":"publish","type":"post","link":"https:\/\/prefeitura.santarosa.rs.gov.br\/?p=14944","title":{"rendered":"Educa\u00e7\u00e3o no Tr\u00e2nsito para alunos da Rede Municipal"},"content":{"rendered":"\n<figure class=\"wp-block-image size-large\"><img fetchpriority=\"high\" decoding=\"async\" width=\"1024\" height=\"768\" src=\"https:\/\/prefeitura.santarosa.rs.gov.br\/wp-content\/uploads\/2025\/09\/WhatsApp-Image-2025-09-03-at-14.56.26-1024x768.jpeg\" alt=\"\" class=\"wp-image-14945\" srcset=\"https:\/\/prefeitura.santarosa.rs.gov.br\/wp-content\/uploads\/2025\/09\/WhatsApp-Image-2025-09-03-at-14.56.26-1024x768.jpeg 1024w, https:\/\/prefeitura.santarosa.rs.gov.br\/wp-content\/uploads\/2025\/09\/WhatsApp-Image-2025-09-03-at-14.56.26-300x225.jpeg 300w, https:\/\/prefeitura.santarosa.rs.gov.br\/wp-content\/uploads\/2025\/09\/WhatsApp-Image-2025-09-03-at-14.56.26-768x576.jpeg 768w, https:\/\/prefeitura.santarosa.rs.gov.br\/wp-content\/uploads\/2025\/09\/WhatsApp-Image-2025-09-03-at-14.56.26-1536x1152.jpeg 1536w, https:\/\/prefeitura.santarosa.rs.gov.br\/wp-content\/uploads\/2025\/09\/WhatsApp-Image-2025-09-03-at-14.56.26.jpeg 1600w\" sizes=\"(max-width: 1024px) 100vw, 1024px\" \/><\/figure>\n\n\n\n<p class=\"has-text-align-left\">Santa Rosa est\u00e1 em pleno desenvolvimento, com isso a infraestrutura est\u00e1 passando por altera\u00e7\u00f5es, assim como um plano de mobilidade tamb\u00e9m est\u00e1 sendo implementado para preparar a cidade para crescer ainda mais. A mudan\u00e7a sempre causa desconforto, mas \u00e9 necess\u00e1ria visando a seguran\u00e7a e bem-estar da comunidade. Junto de todas essas mudan\u00e7as est\u00e1 tamb\u00e9m a educa\u00e7\u00e3o voltada para o tr\u00e2nsito.<\/p>\n\n\n\n<p class=\"has-text-align-left\">Para isso, come\u00e7ou uma parceria da Prefeitura com SEST\/SENAT voltadas para os alunos da Rede Municipal. O projeto \u201cMeu papel no tr\u00e2nsito\u201d, come\u00e7ou no fim de agosto e tem como inten\u00e7\u00e3o levar para diferentes faixas et\u00e1rias a educa\u00e7\u00e3o voltada para o tr\u00e2nsito. Neste ano, cerca de 1.500 alunos devem participar do projeto. Segundo o Secret\u00e1rio Gilberto Kr\u00fcger, \u201cQueremos mostrar para os alunos que cada um \u00e9 parte no tr\u00e2nsito e precisa fazer a sua parte para que possamos alcan\u00e7ar um tr\u00e2nsito mais seguro, humano, educado e com mais empatia um para com o outro\u201d. As aulas s\u00e3o te\u00f3ricas e pr\u00e1ticas, com direito a uma \u201cpista\u201d especial montada no SEST para representar as vias, faixa de pedestre, placas, entre outros.\u00a0\u00a0<\/p>\n\n\n\n<p class=\"has-text-align-left\">O projeto \u00e9 das Secretarias de Mobilidade, Educa\u00e7\u00e3o e SEST\/SENAT. Para agendamentos das aulas, a qual inclui aulas te\u00f3ricas e pr\u00e1ticas, deve ser contatado diretamente a dire\u00e7\u00e3o do SEST\/SENAT atrav\u00e9s do telefone (55)2013-8080.<\/p>\n\n\n\n<p><\/p>\n","protected":false},"excerpt":{"rendered":"<p>Santa Rosa est\u00e1 em pleno desenvolvimento, com isso a infraestrutura est\u00e1 passando por altera\u00e7\u00f5es, assim como um plano de mobilidade<\/p>\n","protected":false},"author":12,"featured_media":14946,"comment_status":"closed","ping_status":"closed","sticky":false,"template":"","format":"standard","meta":{"footnotes":""},"categories":[4,18,27],"tags":[],"class_list":["post-14944","post","type-post","status-publish","format-standard","has-post-thumbnail","hentry","category-noticias","category-secretaria-municipal-de-educacao-e-cultura","category-secretaria-municipal-de-mobilidade-urbana"],"aioseo_notices":[],"_links":{"self":[{"href":"https:\/\/prefeitura.santarosa.rs.gov.br\/index.php?rest_route=\/wp\/v2\/posts\/14944","targetHints":{"allow":["GET"]}}],"collection":[{"href":"https:\/\/prefeitura.santarosa.rs.gov.br\/index.php?rest_route=\/wp\/v2\/posts"}],"about":[{"href":"https:\/\/prefeitura.santarosa.rs.gov.br\/index.php?rest_route=\/wp\/v2\/types\/post"}],"author":[{"embeddable":true,"href":"https:\/\/prefeitura.santarosa.rs.gov.br\/index.php?rest_route=\/wp\/v2\/users\/12"}],"replies":[{"embeddable":true,"href":"https:\/\/prefeitura.santarosa.rs.gov.br\/index.php?rest_route=%2Fwp%2Fv2%2Fcomments&post=14944"}],"version-history":[{"count":2,"href":"https:\/\/prefeitura.santarosa.rs.gov.br\/index.php?rest_route=\/wp\/v2\/posts\/14944\/revisions"}],"predecessor-version":[{"id":14948,"href":"https:\/\/prefeitura.santarosa.rs.gov.br\/index.php?rest_route=\/wp\/v2\/posts\/14944\/revisions\/14948"}],"wp:featuredmedia":[{"embeddable":true,"href":"https:\/\/prefeitura.santarosa.rs.gov.br\/index.php?rest_route=\/wp\/v2\/media\/14946"}],"wp:attachment":[{"href":"https:\/\/prefeitura.santarosa.rs.gov.br\/index.php?rest_route=%2Fwp%2Fv2%2Fmedia&parent=14944"}],"wp:term":[{"taxonomy":"category","embeddable":true,"href":"https:\/\/prefeitura.santarosa.rs.gov.br\/index.php?rest_route=%2Fwp%2Fv2%2Fcategories&post=14944"},{"taxonomy":"post_tag","embeddable":true,"href":"https:\/\/prefeitura.santarosa.rs.gov.br\/index.php?rest_route=%2Fwp%2Fv2%2Ftags&post=14944"}],"curies":[{"name":"wp","href":"https:\/\/api.w.org\/{rel}","templated":true}]}}