{"id":14938,"date":"2025-09-02T15:51:36","date_gmt":"2025-09-02T18:51:36","guid":{"rendered":"https:\/\/prefeitura.santarosa.rs.gov.br\/?p=14938"},"modified":"2025-09-02T16:26:07","modified_gmt":"2025-09-02T19:26:07","slug":"praca-do-liminha-foi-entregue-para-comunidade","status":"publish","type":"post","link":"https:\/\/prefeitura.santarosa.rs.gov.br\/?p=14938","title":{"rendered":"Pra\u00e7a do Liminha foi entregue para comunidade"},"content":{"rendered":"\n<figure class=\"wp-block-image size-large\"><img fetchpriority=\"high\" decoding=\"async\" width=\"1024\" height=\"768\" src=\"https:\/\/prefeitura.santarosa.rs.gov.br\/wp-content\/uploads\/2025\/09\/WhatsApp-Image-2025-09-02-at-15.03.13-1-1024x768.jpeg\" alt=\"\" class=\"wp-image-14939\" srcset=\"https:\/\/prefeitura.santarosa.rs.gov.br\/wp-content\/uploads\/2025\/09\/WhatsApp-Image-2025-09-02-at-15.03.13-1-1024x768.jpeg 1024w, https:\/\/prefeitura.santarosa.rs.gov.br\/wp-content\/uploads\/2025\/09\/WhatsApp-Image-2025-09-02-at-15.03.13-1-300x225.jpeg 300w, https:\/\/prefeitura.santarosa.rs.gov.br\/wp-content\/uploads\/2025\/09\/WhatsApp-Image-2025-09-02-at-15.03.13-1-768x576.jpeg 768w, https:\/\/prefeitura.santarosa.rs.gov.br\/wp-content\/uploads\/2025\/09\/WhatsApp-Image-2025-09-02-at-15.03.13-1-1536x1152.jpeg 1536w, https:\/\/prefeitura.santarosa.rs.gov.br\/wp-content\/uploads\/2025\/09\/WhatsApp-Image-2025-09-02-at-15.03.13-1-2048x1536.jpeg 2048w\" sizes=\"(max-width: 1024px) 100vw, 1024px\" \/><\/figure>\n\n\n\n<p>Muita emo\u00e7\u00e3o e saudosismo marcaram a inaugura\u00e7\u00e3o da Pra\u00e7a Memorial Liminha no \u00faltimo fim de semanas. O espa\u00e7o que antes fazia parte da escola, agora virou uma pra\u00e7a p\u00fablica. A \u00e1rea foi completamente reformada e manteve as obras hist\u00f3ricas. O local \u00e9 considerado o Marco 0 da funda\u00e7\u00e3o do munic\u00edpio de Santa Rosa. A obra foi realizada com recurso pr\u00f3prio cerca de R$ 520 mil.<\/p>\n\n\n\n<p>No ato, participaram irm\u00e3s Cec\u00edlia Rigo e Elma Kroit que fizeram parte da hist\u00f3ria do Col\u00e9gio Liminha e de tantas a\u00e7\u00f5es desenvolvidas pela cidade, \u201cNossa cidade evoluiu muito e hoje tem a consci\u00eancia maior que somos igrejas mais fortes, a igreja n\u00e3o \u00e9 o tempo, a igreja somos todos n\u00f3s. E n\u00f3s que ajudamos tanto a tornar essa cidade sendo cada vez melhor para se viver, um espa\u00e7o de oportunidades\u201d, destacou irm\u00e3 Cec\u00edlia. <\/p>\n\n\n\n<p>Durante o ato, v\u00e1rios ex-alunos, professores, atuais alunos, autoridades e a comunidade participaram do ato. O prefeito lembrou de diferentes hist\u00f3rias, j\u00e1 que morou na sua inf\u00e2ncia nas proximidades da escola e l\u00e1 tamb\u00e9m estudou. O padre Leonardo Envall realizou uma ben\u00e7\u00e3o do local e o Secret\u00e1rio Kruguer juntamente com a empresa EcoFlora adotaram o local e far\u00e3o a manuten\u00e7\u00e3o<\/p>\n","protected":false},"excerpt":{"rendered":"<p>Muita emo\u00e7\u00e3o e saudosismo marcaram a inaugura\u00e7\u00e3o da Pra\u00e7a Memorial Liminha no \u00faltimo fim de semanas. O espa\u00e7o que antes<\/p>\n","protected":false},"author":12,"featured_media":14939,"comment_status":"closed","ping_status":"closed","sticky":false,"template":"","format":"standard","meta":{"footnotes":""},"categories":[4,22],"tags":[],"class_list":["post-14938","post","type-post","status-publish","format-standard","has-post-thumbnail","hentry","category-noticias","category-secretaria-municipal-de-planejamento-e-habitacao"],"aioseo_notices":[],"_links":{"self":[{"href":"https:\/\/prefeitura.santarosa.rs.gov.br\/index.php?rest_route=\/wp\/v2\/posts\/14938","targetHints":{"allow":["GET"]}}],"collection":[{"href":"https:\/\/prefeitura.santarosa.rs.gov.br\/index.php?rest_route=\/wp\/v2\/posts"}],"about":[{"href":"https:\/\/prefeitura.santarosa.rs.gov.br\/index.php?rest_route=\/wp\/v2\/types\/post"}],"author":[{"embeddable":true,"href":"https:\/\/prefeitura.santarosa.rs.gov.br\/index.php?rest_route=\/wp\/v2\/users\/12"}],"replies":[{"embeddable":true,"href":"https:\/\/prefeitura.santarosa.rs.gov.br\/index.php?rest_route=%2Fwp%2Fv2%2Fcomments&post=14938"}],"version-history":[{"count":3,"href":"https:\/\/prefeitura.santarosa.rs.gov.br\/index.php?rest_route=\/wp\/v2\/posts\/14938\/revisions"}],"predecessor-version":[{"id":14942,"href":"https:\/\/prefeitura.santarosa.rs.gov.br\/index.php?rest_route=\/wp\/v2\/posts\/14938\/revisions\/14942"}],"wp:featuredmedia":[{"embeddable":true,"href":"https:\/\/prefeitura.santarosa.rs.gov.br\/index.php?rest_route=\/wp\/v2\/media\/14939"}],"wp:attachment":[{"href":"https:\/\/prefeitura.santarosa.rs.gov.br\/index.php?rest_route=%2Fwp%2Fv2%2Fmedia&parent=14938"}],"wp:term":[{"taxonomy":"category","embeddable":true,"href":"https:\/\/prefeitura.santarosa.rs.gov.br\/index.php?rest_route=%2Fwp%2Fv2%2Fcategories&post=14938"},{"taxonomy":"post_tag","embeddable":true,"href":"https:\/\/prefeitura.santarosa.rs.gov.br\/index.php?rest_route=%2Fwp%2Fv2%2Ftags&post=14938"}],"curies":[{"name":"wp","href":"https:\/\/api.w.org\/{rel}","templated":true}]}}