{"id":14932,"date":"2025-09-02T15:28:12","date_gmt":"2025-09-02T18:28:12","guid":{"rendered":"https:\/\/prefeitura.santarosa.rs.gov.br\/?p=14932"},"modified":"2025-09-03T08:08:50","modified_gmt":"2025-09-03T11:08:50","slug":"14932","status":"publish","type":"post","link":"https:\/\/prefeitura.santarosa.rs.gov.br\/?p=14932","title":{"rendered":"\u00a0Funda\u00e7\u00e3o da obra do Gin\u00e1sio est\u00e1 quase conclu\u00edda\u00a0"},"content":{"rendered":"\n<p><\/p>\n\n\n\n<figure class=\"wp-block-image size-large\"><img fetchpriority=\"high\" decoding=\"async\" width=\"1024\" height=\"768\" src=\"https:\/\/prefeitura.santarosa.rs.gov.br\/wp-content\/uploads\/2025\/09\/WhatsApp-Image-2025-09-02-at-14.54.01-1024x768.jpeg\" alt=\"\" class=\"wp-image-14933\" srcset=\"https:\/\/prefeitura.santarosa.rs.gov.br\/wp-content\/uploads\/2025\/09\/WhatsApp-Image-2025-09-02-at-14.54.01-1024x768.jpeg 1024w, https:\/\/prefeitura.santarosa.rs.gov.br\/wp-content\/uploads\/2025\/09\/WhatsApp-Image-2025-09-02-at-14.54.01-300x225.jpeg 300w, https:\/\/prefeitura.santarosa.rs.gov.br\/wp-content\/uploads\/2025\/09\/WhatsApp-Image-2025-09-02-at-14.54.01-768x576.jpeg 768w, https:\/\/prefeitura.santarosa.rs.gov.br\/wp-content\/uploads\/2025\/09\/WhatsApp-Image-2025-09-02-at-14.54.01.jpeg 1280w\" sizes=\"(max-width: 1024px) 100vw, 1024px\" \/><\/figure>\n\n\n\n<p>Quem passa pela Avenida Am\u00e9rica ainda n\u00e3o pode ver as paredes do novo Gin\u00e1sio, pois o trabalho nos \u00faltimos meses foi focado na reestrutura\u00e7\u00e3o.&nbsp; A obra est\u00e1 em pleno andamento, com a adequa\u00e7\u00e3o das funda\u00e7\u00f5es do tipo sapata isolada para o sistema de tubula\u00e7\u00f5es de concreto, os quais proporcionar\u00e3o maior solidez a estrutura da edifica\u00e7\u00e3o. Essa fase da obra deve encerrar ainda em setembro.&nbsp;<\/p>\n\n\n\n<p>A pr\u00f3xima etapa consiste na montagem dos pilares, vigas e paredes, devendo iniciar na segunda quinzena&nbsp;de outubro. O espa\u00e7o&nbsp;ter\u00e1 capacidade para mais de 4 mil pessoas, sendo 2.100 lugares sentados. Segundo o Diretor de Planejamento Urbano, Lu\u00eds Fernando Marzari, \u201cQueremos estar at\u00e9 o fim do ano com as paredes levantadas, possibilitando a comunidade vislumbrar a grandiosidade dessa importante obra\u201d.&nbsp;<\/p>\n\n\n\n<p>A estrutura ir\u00e1 contar com quadra nos padr\u00f5es oficiais para competi\u00e7\u00f5es esportivas, palco para shows e eventos, sala de imprensa, vesti\u00e1rios, sanit\u00e1rios, estacionamento, ilumina\u00e7\u00e3o moderna e lanchonete\/bar. O investimento total do projeto \u00e9 superior a R$ 19,3 milh\u00f5es de recursos pr\u00f3prios do munic\u00edpio. A conclus\u00e3o est\u00e1 prevista para julho de 2026.<\/p>\n\n\n\n<p><\/p>\n\n\n\n<p><\/p>\n","protected":false},"excerpt":{"rendered":"<p>Quem passa pela Avenida Am\u00e9rica ainda n\u00e3o pode ver as paredes do novo Gin\u00e1sio, pois o trabalho nos \u00faltimos meses<\/p>\n","protected":false},"author":12,"featured_media":14934,"comment_status":"closed","ping_status":"closed","sticky":false,"template":"","format":"standard","meta":{"footnotes":""},"categories":[4,22],"tags":[],"class_list":["post-14932","post","type-post","status-publish","format-standard","has-post-thumbnail","hentry","category-noticias","category-secretaria-municipal-de-planejamento-e-habitacao"],"aioseo_notices":[],"_links":{"self":[{"href":"https:\/\/prefeitura.santarosa.rs.gov.br\/index.php?rest_route=\/wp\/v2\/posts\/14932","targetHints":{"allow":["GET"]}}],"collection":[{"href":"https:\/\/prefeitura.santarosa.rs.gov.br\/index.php?rest_route=\/wp\/v2\/posts"}],"about":[{"href":"https:\/\/prefeitura.santarosa.rs.gov.br\/index.php?rest_route=\/wp\/v2\/types\/post"}],"author":[{"embeddable":true,"href":"https:\/\/prefeitura.santarosa.rs.gov.br\/index.php?rest_route=\/wp\/v2\/users\/12"}],"replies":[{"embeddable":true,"href":"https:\/\/prefeitura.santarosa.rs.gov.br\/index.php?rest_route=%2Fwp%2Fv2%2Fcomments&post=14932"}],"version-history":[{"count":3,"href":"https:\/\/prefeitura.santarosa.rs.gov.br\/index.php?rest_route=\/wp\/v2\/posts\/14932\/revisions"}],"predecessor-version":[{"id":14943,"href":"https:\/\/prefeitura.santarosa.rs.gov.br\/index.php?rest_route=\/wp\/v2\/posts\/14932\/revisions\/14943"}],"wp:featuredmedia":[{"embeddable":true,"href":"https:\/\/prefeitura.santarosa.rs.gov.br\/index.php?rest_route=\/wp\/v2\/media\/14934"}],"wp:attachment":[{"href":"https:\/\/prefeitura.santarosa.rs.gov.br\/index.php?rest_route=%2Fwp%2Fv2%2Fmedia&parent=14932"}],"wp:term":[{"taxonomy":"category","embeddable":true,"href":"https:\/\/prefeitura.santarosa.rs.gov.br\/index.php?rest_route=%2Fwp%2Fv2%2Fcategories&post=14932"},{"taxonomy":"post_tag","embeddable":true,"href":"https:\/\/prefeitura.santarosa.rs.gov.br\/index.php?rest_route=%2Fwp%2Fv2%2Ftags&post=14932"}],"curies":[{"name":"wp","href":"https:\/\/api.w.org\/{rel}","templated":true}]}}