{"id":14926,"date":"2025-09-01T17:22:03","date_gmt":"2025-09-01T20:22:03","guid":{"rendered":"https:\/\/prefeitura.santarosa.rs.gov.br\/?p=14926"},"modified":"2025-09-01T17:22:03","modified_gmt":"2025-09-01T20:22:03","slug":"2a-taca-santa-rosa-futsal-foi-um-sucesso","status":"publish","type":"post","link":"https:\/\/prefeitura.santarosa.rs.gov.br\/?p=14926","title":{"rendered":"2\u00aa Ta\u00e7a Santa Rosa Futsal foi um\u00a0sucesso\u00a0"},"content":{"rendered":"\n<figure class=\"wp-block-image size-large\"><img fetchpriority=\"high\" decoding=\"async\" width=\"1024\" height=\"768\" src=\"https:\/\/prefeitura.santarosa.rs.gov.br\/wp-content\/uploads\/2025\/09\/WhatsApp-Image-2025-09-01-at-17.12.53-1024x768.jpeg\" alt=\"\" class=\"wp-image-14927\" srcset=\"https:\/\/prefeitura.santarosa.rs.gov.br\/wp-content\/uploads\/2025\/09\/WhatsApp-Image-2025-09-01-at-17.12.53-1024x768.jpeg 1024w, https:\/\/prefeitura.santarosa.rs.gov.br\/wp-content\/uploads\/2025\/09\/WhatsApp-Image-2025-09-01-at-17.12.53-300x225.jpeg 300w, https:\/\/prefeitura.santarosa.rs.gov.br\/wp-content\/uploads\/2025\/09\/WhatsApp-Image-2025-09-01-at-17.12.53-768x576.jpeg 768w, https:\/\/prefeitura.santarosa.rs.gov.br\/wp-content\/uploads\/2025\/09\/WhatsApp-Image-2025-09-01-at-17.12.53-1536x1152.jpeg 1536w, https:\/\/prefeitura.santarosa.rs.gov.br\/wp-content\/uploads\/2025\/09\/WhatsApp-Image-2025-09-01-at-17.12.53.jpeg 1600w\" sizes=\"(max-width: 1024px) 100vw, 1024px\" \/><\/figure>\n\n\n\n<p>Esporte, educa\u00e7\u00e3o e integra\u00e7\u00e3o. A 2\u00aa Ta\u00e7a Santa Rosa Futsal de Categorias de Base movimentou o Gin\u00e1sio Jo\u00e3o Batista Moroni. As atividades aconteceram no \u00faltimo final de semana, dias 30 e 31 de agosto e marcaram o encerrando o m\u00eas de anivers\u00e1rio de Santa Rosa. O torneio contou com a participa\u00e7\u00e3o de cerca de 500 pessoas, entre atletas, professores, dirigentes e equipes de apoio.<\/p>\n\n\n\n<p>Promovida pelo Santa Rosa Futsal em parceria com a Prefeitura Municipal, a competi\u00e7\u00e3o foi mais do que uma disputa esportiva: tornou-se um espa\u00e7o de forma\u00e7\u00e3o e conviv\u00eancia. A iniciativa refor\u00e7ou o papel do esporte como ferramenta de transforma\u00e7\u00e3o social, promovendo inclus\u00e3o e fortalecendo a identidade esportiva regional.<\/p>\n\n\n\n<p>As disputas envolveram seis categorias, com os seguintes campe\u00f5es: Botafogo (Sub-07), ASR\/BRPhonia (Sub-09), ASR Futsal (Sub-11, Sub-13 e Sub-15) e SESI Santa Rosa (Sub-17). O evento tamb\u00e9m se destacou pelo apoio de marcas parceiras que acreditam no impacto positivo do esporte. O Sicredi, a Pepsi Black (Steffen Bebidas) e a Pollo Automotiva estiveram diretamente ligados ao projeto, associando suas marcas a valores de educa\u00e7\u00e3o, sa\u00fade e responsabilidade social. O evento fechou o m\u00eas de agosto com chave de ouro, celebrando n\u00e3o apenas o anivers\u00e1rio de Santa Rosa, mas tamb\u00e9m a for\u00e7a do futsal como espa\u00e7o de oportunidades e de crescimento coletivo para as novas gera\u00e7\u00f5es.<\/p>\n","protected":false},"excerpt":{"rendered":"<p>Esporte, educa\u00e7\u00e3o e integra\u00e7\u00e3o. A 2\u00aa Ta\u00e7a Santa Rosa Futsal de Categorias de Base movimentou o Gin\u00e1sio Jo\u00e3o Batista Moroni.<\/p>\n","protected":false},"author":12,"featured_media":14928,"comment_status":"closed","ping_status":"closed","sticky":false,"template":"","format":"standard","meta":{"footnotes":""},"categories":[4,19],"tags":[],"class_list":["post-14926","post","type-post","status-publish","format-standard","has-post-thumbnail","hentry","category-noticias","category-secretaria-municipal-de-esporte"],"aioseo_notices":[],"_links":{"self":[{"href":"https:\/\/prefeitura.santarosa.rs.gov.br\/index.php?rest_route=\/wp\/v2\/posts\/14926","targetHints":{"allow":["GET"]}}],"collection":[{"href":"https:\/\/prefeitura.santarosa.rs.gov.br\/index.php?rest_route=\/wp\/v2\/posts"}],"about":[{"href":"https:\/\/prefeitura.santarosa.rs.gov.br\/index.php?rest_route=\/wp\/v2\/types\/post"}],"author":[{"embeddable":true,"href":"https:\/\/prefeitura.santarosa.rs.gov.br\/index.php?rest_route=\/wp\/v2\/users\/12"}],"replies":[{"embeddable":true,"href":"https:\/\/prefeitura.santarosa.rs.gov.br\/index.php?rest_route=%2Fwp%2Fv2%2Fcomments&post=14926"}],"version-history":[{"count":1,"href":"https:\/\/prefeitura.santarosa.rs.gov.br\/index.php?rest_route=\/wp\/v2\/posts\/14926\/revisions"}],"predecessor-version":[{"id":14929,"href":"https:\/\/prefeitura.santarosa.rs.gov.br\/index.php?rest_route=\/wp\/v2\/posts\/14926\/revisions\/14929"}],"wp:featuredmedia":[{"embeddable":true,"href":"https:\/\/prefeitura.santarosa.rs.gov.br\/index.php?rest_route=\/wp\/v2\/media\/14928"}],"wp:attachment":[{"href":"https:\/\/prefeitura.santarosa.rs.gov.br\/index.php?rest_route=%2Fwp%2Fv2%2Fmedia&parent=14926"}],"wp:term":[{"taxonomy":"category","embeddable":true,"href":"https:\/\/prefeitura.santarosa.rs.gov.br\/index.php?rest_route=%2Fwp%2Fv2%2Fcategories&post=14926"},{"taxonomy":"post_tag","embeddable":true,"href":"https:\/\/prefeitura.santarosa.rs.gov.br\/index.php?rest_route=%2Fwp%2Fv2%2Ftags&post=14926"}],"curies":[{"name":"wp","href":"https:\/\/api.w.org\/{rel}","templated":true}]}}