{"id":14913,"date":"2025-09-01T09:50:27","date_gmt":"2025-09-01T12:50:27","guid":{"rendered":"https:\/\/prefeitura.santarosa.rs.gov.br\/?p=14913"},"modified":"2025-09-01T16:48:30","modified_gmt":"2025-09-01T19:48:30","slug":"prefeitura-realiza-a-3a-edicao-da-domingueira-farroupilha","status":"publish","type":"post","link":"https:\/\/prefeitura.santarosa.rs.gov.br\/?p=14913","title":{"rendered":"Prefeitura realiza a 3\u00aa Edi\u00e7\u00e3o da Domingueira Farroupilha"},"content":{"rendered":"\n<figure class=\"wp-block-image size-large\"><img fetchpriority=\"high\" decoding=\"async\" width=\"1024\" height=\"732\" src=\"https:\/\/prefeitura.santarosa.rs.gov.br\/wp-content\/uploads\/2025\/09\/WhatsApp-Image-2025-09-01-at-09.26.41-1024x732.jpeg\" alt=\"\" class=\"wp-image-14914\" srcset=\"https:\/\/prefeitura.santarosa.rs.gov.br\/wp-content\/uploads\/2025\/09\/WhatsApp-Image-2025-09-01-at-09.26.41-1024x732.jpeg 1024w, https:\/\/prefeitura.santarosa.rs.gov.br\/wp-content\/uploads\/2025\/09\/WhatsApp-Image-2025-09-01-at-09.26.41-300x215.jpeg 300w, https:\/\/prefeitura.santarosa.rs.gov.br\/wp-content\/uploads\/2025\/09\/WhatsApp-Image-2025-09-01-at-09.26.41-768x549.jpeg 768w, https:\/\/prefeitura.santarosa.rs.gov.br\/wp-content\/uploads\/2025\/09\/WhatsApp-Image-2025-09-01-at-09.26.41.jpeg 1530w\" sizes=\"(max-width: 1024px) 100vw, 1024px\" \/><\/figure>\n\n\n\n<p>O parque de exposi\u00e7\u00f5es foi palco da tradi\u00e7\u00e3o ga\u00facha neste fim de semana.<\/p>\n\n\n\n<p> A 3\u00aa edi\u00e7\u00e3o da Domingueira Farroupilha movimentou a regi\u00e3o. Foram realizados diversos jogos e provas campeiras que celebraram o tradicionalismo ga\u00facho.&nbsp;O evento \u00e9 promovido pela Prefeitura Municipal em parceria com a Associa\u00e7\u00e3o de Entidades Tradicionalistas.<\/p>\n\n\n\n<p>Segundo a Secretaria de Educa\u00e7\u00e3o, Josyane Heck, \u201c A Domingueira Farroupilha n\u00e3o \u00e9 apenas um evento, \u00e9 a reafirma\u00e7\u00e3o do orgulho de sermos ga\u00fachos, da for\u00e7a das entidades tradicionalistas e do nosso compromisso com o futuro da tradi\u00e7\u00e3o\u201d.<\/p>\n\n\n\n<p>Prova do Cepo<\/p>\n\n\n\n<p>1\u00ba Piquete Heran\u00e7a Campeira&nbsp;<\/p>\n\n\n\n<p>2\u00ba Piquete Heran\u00e7a Campeira&nbsp;<\/p>\n\n\n\n<p>3\u00ba Piquete Heran\u00e7as Campeira&nbsp;<\/p>\n\n\n\n<p>Festival Churrasqueiras:\u00a0<\/p>\n\n\n\n<p>1\u00ba Gurias do Chama Crioula&nbsp;<\/p>\n\n\n\n<p>2\u00ba Gurias da Schon Bier&nbsp;<\/p>\n\n\n\n<p>3\u00ba Gurias do Piquete Santo Sime\u00e3o&nbsp;<\/p>\n\n\n\n<p>Prova do Couro<\/p>\n\n\n\n<p>1\u00ba CTG Chama Crioula&nbsp;<\/p>\n\n\n\n<p>2\u00ba CTG Chama Crioula\/ Piquete Ch\u00e3o Batido<\/p>\n\n\n\n<p>3\u00ba Piquete Heran\u00e7a Campeira&nbsp;<\/p>\n\n\n\n<p>Prova da Estafeta<\/p>\n\n\n\n<p>1\u00ba Piquete Heran\u00e7a Campeira&nbsp;<\/p>\n\n\n\n<p>2\u00ba Piquete Heran\u00e7a Campeira&nbsp;<\/p>\n\n\n\n<p>3\u00ba Piquete Ch\u00e3o Batido\/ Chama Criola&nbsp;<\/p>\n\n\n\n<p>Bocha Campeira<\/p>\n\n\n\n<p>1\u00ba Ariel Ahner, Dari da Rosa, barulho e Eder do Piquete Heran\u00e7a Campeira<\/p>\n\n\n\n<p>2\u00ba Nelio, Mario e Nelinho do Piquete Renascer do Rio grande.<\/p>\n\n\n\n<p>3\u00ba Mauro, Adilson, Ganso e Davi do Piquete Gaud\u00e9rios de Cruzeiro&nbsp;<\/p>\n\n\n\n<p>Torneio de Truco<\/p>\n\n\n\n<p>1\u00ba CTG Sep\u00e9 Tiaraj\u00fa&nbsp;<\/p>\n\n\n\n<p>2\u00ba CTGChama Crioula\/Confraria do Truco<\/p>\n\n\n\n<p>3\u00ba Chama Crioula \/ Confraria do Truco&nbsp;<\/p>\n\n\n\n<p>Torneio do Bodoque<\/p>\n\n\n\n<p>1\u00ba CTG Rancho Crioulo do Lajeado Tarum\u00e3&nbsp;<\/p>\n\n\n\n<p>2\u00ba CTG Chama Crioula<\/p>\n\n\n\n<p>3\u00ba Piquete Gaud\u00e9rios de Cruzeiro&nbsp;<\/p>\n\n\n\n<p>Bocha 48<\/p>\n\n\n\n<p>1\u00ba Piquete gauderios de Cruzeiro&nbsp;<\/p>\n\n\n\n<p>2\u00ba Piquete Gaud\u00e9rios de Cruzeiro&nbsp;<\/p>\n\n\n\n<p>3\u00ba Piquete Gaud\u00e9rios de Cruzeiro<\/p>\n\n\n\n<p>Prova Vaca Parada Juvenil<\/p>\n\n\n\n<p>1\u00ba Natan Fernandes do Piquete Heran\u00e7a Campeira<\/p>\n\n\n\n<p>2\u00ba Cauha Delagiustina Silveira do Piquete Gaud\u00e9rios de Cruzeiro<\/p>\n\n\n\n<p>3\u00ba Luiz Bueno do Piquete Gaud\u00e9rios de Cruzeiro<\/p>\n\n\n\n<p>Prova Vaca Parada Infantil<\/p>\n\n\n\n<p>1\u00ba lugar Maique Bueno do Piquete Gaud\u00e9rios de Cruzeiro<\/p>\n\n\n\n<p>2\u00ba Enzo da Rosa do Piquete Heran\u00e7a Campeira<\/p>\n\n\n\n<p>3\u00ba Leonardo Bueno do Piquete Gaud\u00e9rios de Cruzeiro<\/p>\n\n\n\n<p>Jogo do Osso<\/p>\n\n\n\n<p>1\u00ba Piquete Renascer do Rio Grande&nbsp;<\/p>\n\n\n\n<p>2\u00ba Piquete Gaud\u00e9rios de Cruzeiro&nbsp;<\/p>\n\n\n\n<p>3\u00ba Piquete Farroupilha&nbsp;<\/p>\n\n\n\n<p>Campe\u00e3o Geral da Domingueira Farroupilha 2025<\/p>\n\n\n\n<p>PIQUETE HERAN\u00c7A CAMPEIRA<\/p>\n\n\n\n<p><\/p>\n","protected":false},"excerpt":{"rendered":"<p>O parque de exposi\u00e7\u00f5es foi palco da tradi\u00e7\u00e3o ga\u00facha neste fim de semana. A 3\u00aa edi\u00e7\u00e3o da Domingueira Farroupilha movimentou<\/p>\n","protected":false},"author":12,"featured_media":14915,"comment_status":"closed","ping_status":"closed","sticky":false,"template":"","format":"standard","meta":{"footnotes":""},"categories":[4,18],"tags":[],"class_list":["post-14913","post","type-post","status-publish","format-standard","has-post-thumbnail","hentry","category-noticias","category-secretaria-municipal-de-educacao-e-cultura"],"aioseo_notices":[],"_links":{"self":[{"href":"https:\/\/prefeitura.santarosa.rs.gov.br\/index.php?rest_route=\/wp\/v2\/posts\/14913","targetHints":{"allow":["GET"]}}],"collection":[{"href":"https:\/\/prefeitura.santarosa.rs.gov.br\/index.php?rest_route=\/wp\/v2\/posts"}],"about":[{"href":"https:\/\/prefeitura.santarosa.rs.gov.br\/index.php?rest_route=\/wp\/v2\/types\/post"}],"author":[{"embeddable":true,"href":"https:\/\/prefeitura.santarosa.rs.gov.br\/index.php?rest_route=\/wp\/v2\/users\/12"}],"replies":[{"embeddable":true,"href":"https:\/\/prefeitura.santarosa.rs.gov.br\/index.php?rest_route=%2Fwp%2Fv2%2Fcomments&post=14913"}],"version-history":[{"count":3,"href":"https:\/\/prefeitura.santarosa.rs.gov.br\/index.php?rest_route=\/wp\/v2\/posts\/14913\/revisions"}],"predecessor-version":[{"id":14918,"href":"https:\/\/prefeitura.santarosa.rs.gov.br\/index.php?rest_route=\/wp\/v2\/posts\/14913\/revisions\/14918"}],"wp:featuredmedia":[{"embeddable":true,"href":"https:\/\/prefeitura.santarosa.rs.gov.br\/index.php?rest_route=\/wp\/v2\/media\/14915"}],"wp:attachment":[{"href":"https:\/\/prefeitura.santarosa.rs.gov.br\/index.php?rest_route=%2Fwp%2Fv2%2Fmedia&parent=14913"}],"wp:term":[{"taxonomy":"category","embeddable":true,"href":"https:\/\/prefeitura.santarosa.rs.gov.br\/index.php?rest_route=%2Fwp%2Fv2%2Fcategories&post=14913"},{"taxonomy":"post_tag","embeddable":true,"href":"https:\/\/prefeitura.santarosa.rs.gov.br\/index.php?rest_route=%2Fwp%2Fv2%2Ftags&post=14913"}],"curies":[{"name":"wp","href":"https:\/\/api.w.org\/{rel}","templated":true}]}}