{"id":14908,"date":"2025-08-29T10:07:58","date_gmt":"2025-08-29T13:07:58","guid":{"rendered":"https:\/\/prefeitura.santarosa.rs.gov.br\/?p=14908"},"modified":"2025-08-29T10:07:58","modified_gmt":"2025-08-29T13:07:58","slug":"uma-nova-ligacao-entre-a-expedicionario-e-a-america","status":"publish","type":"post","link":"https:\/\/prefeitura.santarosa.rs.gov.br\/?p=14908","title":{"rendered":"Uma nova liga\u00e7\u00e3o entre a Expedicion\u00e1rio e a Am\u00e9rica"},"content":{"rendered":"\n<figure class=\"wp-block-image size-large\"><img fetchpriority=\"high\" decoding=\"async\" width=\"1024\" height=\"682\" src=\"https:\/\/prefeitura.santarosa.rs.gov.br\/wp-content\/uploads\/2025\/08\/WhatsApp-Image-2025-08-27-at-14.49.16-1024x682.jpeg\" alt=\"\" class=\"wp-image-14909\" srcset=\"https:\/\/prefeitura.santarosa.rs.gov.br\/wp-content\/uploads\/2025\/08\/WhatsApp-Image-2025-08-27-at-14.49.16-1024x682.jpeg 1024w, https:\/\/prefeitura.santarosa.rs.gov.br\/wp-content\/uploads\/2025\/08\/WhatsApp-Image-2025-08-27-at-14.49.16-300x200.jpeg 300w, https:\/\/prefeitura.santarosa.rs.gov.br\/wp-content\/uploads\/2025\/08\/WhatsApp-Image-2025-08-27-at-14.49.16-768x512.jpeg 768w, https:\/\/prefeitura.santarosa.rs.gov.br\/wp-content\/uploads\/2025\/08\/WhatsApp-Image-2025-08-27-at-14.49.16-1536x1023.jpeg 1536w, https:\/\/prefeitura.santarosa.rs.gov.br\/wp-content\/uploads\/2025\/08\/WhatsApp-Image-2025-08-27-at-14.49.16.jpeg 1600w\" sizes=\"(max-width: 1024px) 100vw, 1024px\" \/><\/figure>\n\n\n\n<p>Mais uma importante obra para Santa Rosa come\u00e7a a tomar forma. A Alfa Centauro que far\u00e1 liga\u00e7\u00e3o entre a Avenida Expedicion\u00e1rio Weber e a Avenida Am\u00e9rica est\u00e1 35% conclu\u00edda. Foi feita uma grande obra para rede de drenagem que est\u00e1 sendo conclu\u00edda, assim como o servi\u00e7o de terraplanagem.&nbsp;<\/p>\n\n\n\n<p>Com investimento superior a R$ 4,5 milh\u00f5es, a obra abrange 788 metros lineares de extens\u00e3o e uma \u00e1rea total de 11.946,54 metros quadrados, entre a Rua \u00c2ngelo Massaia e a Avenida Am\u00e9rica. Segundo o Prefeito Anderson Mantei, esta \u00e9 uma via estruturante que vai auxiliar no desenvolvimento urbano do munic\u00edpio, \u201cEssa liga\u00e7\u00e3o \u00e9 estrat\u00e9gica para desafogar o tr\u00e2nsito em outras vias e oferecer uma nova rota de deslocamento seguro e eficiente. Juntamente com o plano de mobilidade, estamos preparando Santa Rosa para ter infraestrutura para crescer ainda mais\u201d. Esta \u00e9 a terceira liga\u00e7\u00e3o entre a Avenida Expedicion\u00e1rio Weber e a Avenida Am\u00e9rica realizada pela atual gest\u00e3o. As outras duas s\u00e3o a Rua S\u00e3o Jos\u00e9 e Rua Jorge Kunde.<\/p>\n\n\n\n<p>As pr\u00f3ximas etapas ser\u00e3o a execu\u00e7\u00e3o de base e sub-base com pedra basalto. Al\u00e9m da pavimenta\u00e7\u00e3o, o projeto inclui a execu\u00e7\u00e3o de servi\u00e7os complementares de drenagem pluvial, instala\u00e7\u00e3o de sarjetas, meio-fio em concreto, rampas de acessibilidade, al\u00e9m da sinaliza\u00e7\u00e3o horizontal e vertical.<\/p>\n","protected":false},"excerpt":{"rendered":"<p>Mais uma importante obra para Santa Rosa come\u00e7a a tomar forma. A Alfa Centauro que far\u00e1 liga\u00e7\u00e3o entre a Avenida<\/p>\n","protected":false},"author":12,"featured_media":14910,"comment_status":"closed","ping_status":"closed","sticky":false,"template":"","format":"standard","meta":{"footnotes":""},"categories":[4,22],"tags":[],"class_list":["post-14908","post","type-post","status-publish","format-standard","has-post-thumbnail","hentry","category-noticias","category-secretaria-municipal-de-planejamento-e-habitacao"],"aioseo_notices":[],"_links":{"self":[{"href":"https:\/\/prefeitura.santarosa.rs.gov.br\/index.php?rest_route=\/wp\/v2\/posts\/14908","targetHints":{"allow":["GET"]}}],"collection":[{"href":"https:\/\/prefeitura.santarosa.rs.gov.br\/index.php?rest_route=\/wp\/v2\/posts"}],"about":[{"href":"https:\/\/prefeitura.santarosa.rs.gov.br\/index.php?rest_route=\/wp\/v2\/types\/post"}],"author":[{"embeddable":true,"href":"https:\/\/prefeitura.santarosa.rs.gov.br\/index.php?rest_route=\/wp\/v2\/users\/12"}],"replies":[{"embeddable":true,"href":"https:\/\/prefeitura.santarosa.rs.gov.br\/index.php?rest_route=%2Fwp%2Fv2%2Fcomments&post=14908"}],"version-history":[{"count":1,"href":"https:\/\/prefeitura.santarosa.rs.gov.br\/index.php?rest_route=\/wp\/v2\/posts\/14908\/revisions"}],"predecessor-version":[{"id":14911,"href":"https:\/\/prefeitura.santarosa.rs.gov.br\/index.php?rest_route=\/wp\/v2\/posts\/14908\/revisions\/14911"}],"wp:featuredmedia":[{"embeddable":true,"href":"https:\/\/prefeitura.santarosa.rs.gov.br\/index.php?rest_route=\/wp\/v2\/media\/14910"}],"wp:attachment":[{"href":"https:\/\/prefeitura.santarosa.rs.gov.br\/index.php?rest_route=%2Fwp%2Fv2%2Fmedia&parent=14908"}],"wp:term":[{"taxonomy":"category","embeddable":true,"href":"https:\/\/prefeitura.santarosa.rs.gov.br\/index.php?rest_route=%2Fwp%2Fv2%2Fcategories&post=14908"},{"taxonomy":"post_tag","embeddable":true,"href":"https:\/\/prefeitura.santarosa.rs.gov.br\/index.php?rest_route=%2Fwp%2Fv2%2Ftags&post=14908"}],"curies":[{"name":"wp","href":"https:\/\/api.w.org\/{rel}","templated":true}]}}