{"id":14903,"date":"2025-08-28T17:25:46","date_gmt":"2025-08-28T20:25:46","guid":{"rendered":"https:\/\/prefeitura.santarosa.rs.gov.br\/?p=14903"},"modified":"2025-08-28T17:25:47","modified_gmt":"2025-08-28T20:25:47","slug":"semana-da-patria-comeca-segunda-feira","status":"publish","type":"post","link":"https:\/\/prefeitura.santarosa.rs.gov.br\/?p=14903","title":{"rendered":"Semana da P\u00e1tria come\u00e7a segunda-feira"},"content":{"rendered":"\n<figure class=\"wp-block-image size-large\"><img fetchpriority=\"high\" decoding=\"async\" width=\"1024\" height=\"691\" src=\"https:\/\/prefeitura.santarosa.rs.gov.br\/wp-content\/uploads\/2025\/08\/Formato-Portal-do-Cidadao-1600X1080JPG-69-1024x691.jpg\" alt=\"\" class=\"wp-image-14904\" srcset=\"https:\/\/prefeitura.santarosa.rs.gov.br\/wp-content\/uploads\/2025\/08\/Formato-Portal-do-Cidadao-1600X1080JPG-69-1024x691.jpg 1024w, https:\/\/prefeitura.santarosa.rs.gov.br\/wp-content\/uploads\/2025\/08\/Formato-Portal-do-Cidadao-1600X1080JPG-69-300x203.jpg 300w, https:\/\/prefeitura.santarosa.rs.gov.br\/wp-content\/uploads\/2025\/08\/Formato-Portal-do-Cidadao-1600X1080JPG-69-768x518.jpg 768w, https:\/\/prefeitura.santarosa.rs.gov.br\/wp-content\/uploads\/2025\/08\/Formato-Portal-do-Cidadao-1600X1080JPG-69-1536x1037.jpg 1536w, https:\/\/prefeitura.santarosa.rs.gov.br\/wp-content\/uploads\/2025\/08\/Formato-Portal-do-Cidadao-1600X1080JPG-69.jpg 1600w\" sizes=\"(max-width: 1024px) 100vw, 1024px\" \/><\/figure>\n\n\n\n<p>A Abertura da Semana da P\u00e1tria ser\u00e1 realizada dia primeiro de setembro. O ato oficial vai acontecer em frente da Prefeitura Municipal.<\/p>\n\n\n\n<p>O desfile ser\u00e1 no domingo(07), a partir das 8h. Ter\u00e1 in\u00edcio na r\u00f3tula do antigo mercado Nacional, seguindo at\u00e9 a r\u00f3tula do Taffarel, depois dando continuidade at\u00e9 o M\u00f3dulo da Brigada .<\/p>\n","protected":false},"excerpt":{"rendered":"<p>A Abertura da Semana da P\u00e1tria ser\u00e1 realizada dia primeiro de setembro. O ato oficial vai acontecer em frente da<\/p>\n","protected":false},"author":12,"featured_media":14905,"comment_status":"closed","ping_status":"closed","sticky":false,"template":"","format":"standard","meta":{"footnotes":""},"categories":[4,18],"tags":[],"class_list":["post-14903","post","type-post","status-publish","format-standard","has-post-thumbnail","hentry","category-noticias","category-secretaria-municipal-de-educacao-e-cultura"],"aioseo_notices":[],"_links":{"self":[{"href":"https:\/\/prefeitura.santarosa.rs.gov.br\/index.php?rest_route=\/wp\/v2\/posts\/14903","targetHints":{"allow":["GET"]}}],"collection":[{"href":"https:\/\/prefeitura.santarosa.rs.gov.br\/index.php?rest_route=\/wp\/v2\/posts"}],"about":[{"href":"https:\/\/prefeitura.santarosa.rs.gov.br\/index.php?rest_route=\/wp\/v2\/types\/post"}],"author":[{"embeddable":true,"href":"https:\/\/prefeitura.santarosa.rs.gov.br\/index.php?rest_route=\/wp\/v2\/users\/12"}],"replies":[{"embeddable":true,"href":"https:\/\/prefeitura.santarosa.rs.gov.br\/index.php?rest_route=%2Fwp%2Fv2%2Fcomments&post=14903"}],"version-history":[{"count":1,"href":"https:\/\/prefeitura.santarosa.rs.gov.br\/index.php?rest_route=\/wp\/v2\/posts\/14903\/revisions"}],"predecessor-version":[{"id":14906,"href":"https:\/\/prefeitura.santarosa.rs.gov.br\/index.php?rest_route=\/wp\/v2\/posts\/14903\/revisions\/14906"}],"wp:featuredmedia":[{"embeddable":true,"href":"https:\/\/prefeitura.santarosa.rs.gov.br\/index.php?rest_route=\/wp\/v2\/media\/14905"}],"wp:attachment":[{"href":"https:\/\/prefeitura.santarosa.rs.gov.br\/index.php?rest_route=%2Fwp%2Fv2%2Fmedia&parent=14903"}],"wp:term":[{"taxonomy":"category","embeddable":true,"href":"https:\/\/prefeitura.santarosa.rs.gov.br\/index.php?rest_route=%2Fwp%2Fv2%2Fcategories&post=14903"},{"taxonomy":"post_tag","embeddable":true,"href":"https:\/\/prefeitura.santarosa.rs.gov.br\/index.php?rest_route=%2Fwp%2Fv2%2Ftags&post=14903"}],"curies":[{"name":"wp","href":"https:\/\/api.w.org\/{rel}","templated":true}]}}