{"id":14899,"date":"2025-08-28T17:17:00","date_gmt":"2025-08-28T20:17:00","guid":{"rendered":"https:\/\/prefeitura.santarosa.rs.gov.br\/?p=14899"},"modified":"2025-08-28T17:17:00","modified_gmt":"2025-08-28T20:17:00","slug":"projeto-das-pontes-e-referencia-para-outros-municipios","status":"publish","type":"post","link":"https:\/\/prefeitura.santarosa.rs.gov.br\/?p=14899","title":{"rendered":"Projeto das pontes \u00e9 refer\u00eancia para outros munic\u00edpios"},"content":{"rendered":"\n<figure class=\"wp-block-image size-large\"><img fetchpriority=\"high\" decoding=\"async\" width=\"1024\" height=\"768\" src=\"https:\/\/prefeitura.santarosa.rs.gov.br\/wp-content\/uploads\/2025\/08\/WhatsApp-Image-2025-08-28-at-17.07.58-1-1024x768.jpeg\" alt=\"\" class=\"wp-image-14900\" srcset=\"https:\/\/prefeitura.santarosa.rs.gov.br\/wp-content\/uploads\/2025\/08\/WhatsApp-Image-2025-08-28-at-17.07.58-1-1024x768.jpeg 1024w, https:\/\/prefeitura.santarosa.rs.gov.br\/wp-content\/uploads\/2025\/08\/WhatsApp-Image-2025-08-28-at-17.07.58-1-300x225.jpeg 300w, https:\/\/prefeitura.santarosa.rs.gov.br\/wp-content\/uploads\/2025\/08\/WhatsApp-Image-2025-08-28-at-17.07.58-1-768x576.jpeg 768w, https:\/\/prefeitura.santarosa.rs.gov.br\/wp-content\/uploads\/2025\/08\/WhatsApp-Image-2025-08-28-at-17.07.58-1.jpeg 1280w\" sizes=\"(max-width: 1024px) 100vw, 1024px\" \/><\/figure>\n\n\n\n<p>O projeto para solucionar o problema das pontes no interior de Santa Rosa rec\u00e9m come\u00e7ou a sair do papel e j\u00e1 \u00e9 refer\u00eancia para regi\u00e3o. Algumas Prefeituras entraram em contato para ter mais informa\u00e7\u00f5es sobre como est\u00e1 funcionando o processo de substitui\u00e7\u00e3o das pontes de madeira por galerias. Nesta semana, o vice-prefeito Aldemir Ulrich tamb\u00e9m recebeu a visita do vice-prefeito de Alecrim.<\/p>\n\n\n\n<p>O problema hist\u00f3rico com pontes no interior n\u00e3o \u00e9 s\u00f3 de Santa Rosa, v\u00e1rios munic\u00edpios demonstraram interesse em avan\u00e7ar com essa pauta. Leonel Colossi de Alecrim esteve com Aldemir que teve oportunidade de relatar todo o processo e tamb\u00e9m visitar locais com problema e comunidades que est\u00e3o recebendo a melhoria. O vice-prefeito Aldemir Ulrich refor\u00e7ou durante a visita, a import\u00e2ncia da solu\u00e7\u00e3o definitiva desse problema que em per\u00edodos de chuva causa tantos danos, \u201cFicamos felizes em poder contribuir com os munic\u00edpios. Este \u00e9 um trabalho que vai fazer a diferen\u00e7a para as comunidades, oportunizando mais seguran\u00e7a para os agricultores e caminhoneiros que utilizam as estradas do interior\u201d.&nbsp;&nbsp;<\/p>\n\n\n\n<p>Cinco estruturas antigas ser\u00e3o substitu\u00eddas por novas galerias de concreto, mais seguras e dur\u00e1veis, melhorando significativamente as condi\u00e7\u00f5es de tr\u00e1fego. A a\u00e7\u00e3o faz parte de um cronograma maior, que prev\u00ea a substitui\u00e7\u00e3o gradual de todas as pontes rurais de madeira por solu\u00e7\u00f5es definitivas em concreto.<\/p>\n","protected":false},"excerpt":{"rendered":"<p>O projeto para solucionar o problema das pontes no interior de Santa Rosa rec\u00e9m come\u00e7ou a sair do papel e<\/p>\n","protected":false},"author":12,"featured_media":14901,"comment_status":"closed","ping_status":"closed","sticky":false,"template":"","format":"standard","meta":{"footnotes":""},"categories":[4,9],"tags":[],"class_list":["post-14899","post","type-post","status-publish","format-standard","has-post-thumbnail","hentry","category-noticias","category-gabinete-do-vice-prefeito"],"aioseo_notices":[],"_links":{"self":[{"href":"https:\/\/prefeitura.santarosa.rs.gov.br\/index.php?rest_route=\/wp\/v2\/posts\/14899","targetHints":{"allow":["GET"]}}],"collection":[{"href":"https:\/\/prefeitura.santarosa.rs.gov.br\/index.php?rest_route=\/wp\/v2\/posts"}],"about":[{"href":"https:\/\/prefeitura.santarosa.rs.gov.br\/index.php?rest_route=\/wp\/v2\/types\/post"}],"author":[{"embeddable":true,"href":"https:\/\/prefeitura.santarosa.rs.gov.br\/index.php?rest_route=\/wp\/v2\/users\/12"}],"replies":[{"embeddable":true,"href":"https:\/\/prefeitura.santarosa.rs.gov.br\/index.php?rest_route=%2Fwp%2Fv2%2Fcomments&post=14899"}],"version-history":[{"count":1,"href":"https:\/\/prefeitura.santarosa.rs.gov.br\/index.php?rest_route=\/wp\/v2\/posts\/14899\/revisions"}],"predecessor-version":[{"id":14902,"href":"https:\/\/prefeitura.santarosa.rs.gov.br\/index.php?rest_route=\/wp\/v2\/posts\/14899\/revisions\/14902"}],"wp:featuredmedia":[{"embeddable":true,"href":"https:\/\/prefeitura.santarosa.rs.gov.br\/index.php?rest_route=\/wp\/v2\/media\/14901"}],"wp:attachment":[{"href":"https:\/\/prefeitura.santarosa.rs.gov.br\/index.php?rest_route=%2Fwp%2Fv2%2Fmedia&parent=14899"}],"wp:term":[{"taxonomy":"category","embeddable":true,"href":"https:\/\/prefeitura.santarosa.rs.gov.br\/index.php?rest_route=%2Fwp%2Fv2%2Fcategories&post=14899"},{"taxonomy":"post_tag","embeddable":true,"href":"https:\/\/prefeitura.santarosa.rs.gov.br\/index.php?rest_route=%2Fwp%2Fv2%2Ftags&post=14899"}],"curies":[{"name":"wp","href":"https:\/\/api.w.org\/{rel}","templated":true}]}}