{"id":14895,"date":"2025-08-28T10:39:20","date_gmt":"2025-08-28T13:39:20","guid":{"rendered":"https:\/\/prefeitura.santarosa.rs.gov.br\/?p=14895"},"modified":"2025-08-28T10:39:21","modified_gmt":"2025-08-28T13:39:21","slug":"resenha-7-vence-campeonato-de-futsal","status":"publish","type":"post","link":"https:\/\/prefeitura.santarosa.rs.gov.br\/?p=14895","title":{"rendered":"Resenha 7 vence Campeonato de Futsal"},"content":{"rendered":"\n<figure class=\"wp-block-image size-large\"><img fetchpriority=\"high\" decoding=\"async\" width=\"1024\" height=\"683\" src=\"https:\/\/prefeitura.santarosa.rs.gov.br\/wp-content\/uploads\/2025\/08\/WhatsApp-Image-2025-08-28-at-10.29.08-2-1024x683.jpeg\" alt=\"\" class=\"wp-image-14896\" srcset=\"https:\/\/prefeitura.santarosa.rs.gov.br\/wp-content\/uploads\/2025\/08\/WhatsApp-Image-2025-08-28-at-10.29.08-2-1024x683.jpeg 1024w, https:\/\/prefeitura.santarosa.rs.gov.br\/wp-content\/uploads\/2025\/08\/WhatsApp-Image-2025-08-28-at-10.29.08-2-300x200.jpeg 300w, https:\/\/prefeitura.santarosa.rs.gov.br\/wp-content\/uploads\/2025\/08\/WhatsApp-Image-2025-08-28-at-10.29.08-2-768x512.jpeg 768w, https:\/\/prefeitura.santarosa.rs.gov.br\/wp-content\/uploads\/2025\/08\/WhatsApp-Image-2025-08-28-at-10.29.08-2-1536x1024.jpeg 1536w, https:\/\/prefeitura.santarosa.rs.gov.br\/wp-content\/uploads\/2025\/08\/WhatsApp-Image-2025-08-28-at-10.29.08-2-2048x1366.jpeg 2048w\" sizes=\"(max-width: 1024px) 100vw, 1024px\" \/><\/figure>\n\n\n\n<p>O maior Campeonato Municipal da hist\u00f3ria da cidade encerrou nesta semana. Participaram 20 equipes. As atividades mobilizaram mais de 280 atletas. Durante os meses de campeonato aconteceram 48 jogos e mais de 200 gols foram marcados.<br>O Secret\u00e1rio de Esportes, Cauh\u00e3 Pereira, destacou a parceria entre a prefeitura municipal e o SESC, \u201cFoi gra\u00e7as ao esfor\u00e7o em conjunto do Governo e do Sesc que possibilitou entretenimento para todo o p\u00fablico e para as equipes de nossa cidade. Com certeza realizamos um campeonato hist\u00f3rico para Santa Rosa\u201d. Com o resultado, as equipes Resenha 7 e Amigos do Duduzinho disputam a S\u00e9rie Ouro no final do ano. Al\u00e9m das conquistas individuais, o goleiro menos vazado foi Vanderlei da equipe Genermac, e o artilheiro da competi\u00e7\u00e3o foi Eduardo do Resenha 7 FC.<\/p>\n\n\n\n<p>Confira os resultados:<\/p>\n\n\n\n<ul class=\"wp-block-list\">\n<li>Campe\u00e3o: Resenha 7 FC<\/li>\n\n\n\n<li>Vice-campe\u00e3o: Amigos do Duduzinho FC<\/li>\n\n\n\n<li>Terceiro colocado: Genermac<\/li>\n\n\n\n<li>Quarto colocado: New Age<\/li>\n<\/ul>\n\n\n\n<p>Sele\u00e7\u00e3o do Campeonato:<\/p>\n\n\n\n<ul class=\"wp-block-list\">\n<li>Goleiro: Vanderlei (Genermac)<\/li>\n\n\n\n<li>Melhor ala esquerdo: Eduardo (Resenha 7) e Kleiton (New Age)<\/li>\n\n\n\n<li>Melhor ala direito: Tiago (Genermac) e Felipe (Fema)<\/li>\n\n\n\n<li>Melhor fixo: Lucas (Resenha 7) e Leonardo (Amigos Duduzinho)<\/li>\n\n\n\n<li>Melhor piv\u00f4: Cristian (Resenha 7) e Marcos (Amigos Duduzinho)<\/li>\n\n\n\n<li>Melhor treinador: Luis Felipe (Resenha 7)<\/li>\n<\/ul>\n\n\n\n<p>Cr\u00e9dito fotos: CKS<\/p>\n","protected":false},"excerpt":{"rendered":"<p>O maior Campeonato Municipal da hist\u00f3ria da cidade encerrou nesta semana. Participaram 20 equipes. As atividades mobilizaram mais de 280<\/p>\n","protected":false},"author":12,"featured_media":14897,"comment_status":"closed","ping_status":"closed","sticky":false,"template":"","format":"standard","meta":{"footnotes":""},"categories":[4,19],"tags":[],"class_list":["post-14895","post","type-post","status-publish","format-standard","has-post-thumbnail","hentry","category-noticias","category-secretaria-municipal-de-esporte"],"aioseo_notices":[],"_links":{"self":[{"href":"https:\/\/prefeitura.santarosa.rs.gov.br\/index.php?rest_route=\/wp\/v2\/posts\/14895","targetHints":{"allow":["GET"]}}],"collection":[{"href":"https:\/\/prefeitura.santarosa.rs.gov.br\/index.php?rest_route=\/wp\/v2\/posts"}],"about":[{"href":"https:\/\/prefeitura.santarosa.rs.gov.br\/index.php?rest_route=\/wp\/v2\/types\/post"}],"author":[{"embeddable":true,"href":"https:\/\/prefeitura.santarosa.rs.gov.br\/index.php?rest_route=\/wp\/v2\/users\/12"}],"replies":[{"embeddable":true,"href":"https:\/\/prefeitura.santarosa.rs.gov.br\/index.php?rest_route=%2Fwp%2Fv2%2Fcomments&post=14895"}],"version-history":[{"count":1,"href":"https:\/\/prefeitura.santarosa.rs.gov.br\/index.php?rest_route=\/wp\/v2\/posts\/14895\/revisions"}],"predecessor-version":[{"id":14898,"href":"https:\/\/prefeitura.santarosa.rs.gov.br\/index.php?rest_route=\/wp\/v2\/posts\/14895\/revisions\/14898"}],"wp:featuredmedia":[{"embeddable":true,"href":"https:\/\/prefeitura.santarosa.rs.gov.br\/index.php?rest_route=\/wp\/v2\/media\/14897"}],"wp:attachment":[{"href":"https:\/\/prefeitura.santarosa.rs.gov.br\/index.php?rest_route=%2Fwp%2Fv2%2Fmedia&parent=14895"}],"wp:term":[{"taxonomy":"category","embeddable":true,"href":"https:\/\/prefeitura.santarosa.rs.gov.br\/index.php?rest_route=%2Fwp%2Fv2%2Fcategories&post=14895"},{"taxonomy":"post_tag","embeddable":true,"href":"https:\/\/prefeitura.santarosa.rs.gov.br\/index.php?rest_route=%2Fwp%2Fv2%2Ftags&post=14895"}],"curies":[{"name":"wp","href":"https:\/\/api.w.org\/{rel}","templated":true}]}}