{"id":14885,"date":"2025-08-27T13:42:11","date_gmt":"2025-08-27T16:42:11","guid":{"rendered":"https:\/\/prefeitura.santarosa.rs.gov.br\/?p=14885"},"modified":"2025-08-27T13:45:31","modified_gmt":"2025-08-27T16:45:31","slug":"projeto-de-reservatorios-de-agua-e-apresentado-para-entidades","status":"publish","type":"post","link":"https:\/\/prefeitura.santarosa.rs.gov.br\/?p=14885","title":{"rendered":"Projeto de reservat\u00f3rios de \u00e1gua \u00e9 apresentado para entidades"},"content":{"rendered":"\n<figure class=\"wp-block-image size-large\"><img fetchpriority=\"high\" decoding=\"async\" width=\"1024\" height=\"768\" src=\"https:\/\/prefeitura.santarosa.rs.gov.br\/wp-content\/uploads\/2025\/08\/WhatsApp-Image-2025-08-27-at-10.47.28-1024x768.jpeg\" alt=\"\" class=\"wp-image-14886\" srcset=\"https:\/\/prefeitura.santarosa.rs.gov.br\/wp-content\/uploads\/2025\/08\/WhatsApp-Image-2025-08-27-at-10.47.28-1024x768.jpeg 1024w, https:\/\/prefeitura.santarosa.rs.gov.br\/wp-content\/uploads\/2025\/08\/WhatsApp-Image-2025-08-27-at-10.47.28-300x225.jpeg 300w, https:\/\/prefeitura.santarosa.rs.gov.br\/wp-content\/uploads\/2025\/08\/WhatsApp-Image-2025-08-27-at-10.47.28-768x576.jpeg 768w, https:\/\/prefeitura.santarosa.rs.gov.br\/wp-content\/uploads\/2025\/08\/WhatsApp-Image-2025-08-27-at-10.47.28.jpeg 1280w\" sizes=\"(max-width: 1024px) 100vw, 1024px\" \/><\/figure>\n\n\n\n<p>Nesta semana, foi realizada uma apresenta\u00e7\u00e3o no Sindicato dos Trabalhadores Rurais com o COMAPE (Conselho Municipal de Agricultura e Pecu\u00e1ria) e a EMATER para apresentar o projeto de irriga\u00e7\u00e3o. Na oportunidade, o vice-prefeito explicou que a proposta \u00e9 ampliar a seguran\u00e7a h\u00eddrica no munic\u00edpio, beneficiando especialmente a agricultura e o abastecimento em per\u00edodos de estiagem.<\/p>\n\n\n\n<p>Para isso, Aldemir apresentou como est\u00e3o sendo desenvolvidos os primeiros passos do projeto e tamb\u00e9m a equipe que foi contratada para dar andamento. A inten\u00e7\u00e3o \u00e9 a constru\u00e7\u00e3o de reservat\u00f3rios para acumula\u00e7\u00e3o de \u00e1gua com usos m\u00faltiplos. A base para a pesquisa inicial foi desenvolvida a partir de um estudo realizado por um grupo de profissionais, entre eles professores da Universidade Federal do Rio Grande do Sul (UFRGS). O trabalho inicial foi custeado por meio de uma emenda parlamentar do Senador Lu\u00eds Carlos Heinze, no valor de R$ 100 mil. O vice Aldemir destacou na reuni\u00e3o que j\u00e1 existem ent\u00e3o estudos das \u00e1reas mais adequadas para a constru\u00e7\u00e3o dos reservat\u00f3rios, \u201cContratamos um engenheiro agr\u00f4nomo que far\u00e1 o levantamento t\u00e9cnico\u201d. A equipe do munic\u00edpio realizou a avalia\u00e7\u00e3o dos pontos mais indicados. Agora, ser\u00e3o definidas as demandas priorit\u00e1rias, por isso, a import\u00e2ncia da reuni\u00e3o realizada junto das entidades relacionadas.<\/p>\n","protected":false},"excerpt":{"rendered":"<p>Nesta semana, foi realizada uma apresenta\u00e7\u00e3o no Sindicato dos Trabalhadores Rurais com o COMAPE (Conselho Municipal de Agricultura e Pecu\u00e1ria)<\/p>\n","protected":false},"author":12,"featured_media":14887,"comment_status":"closed","ping_status":"closed","sticky":false,"template":"","format":"standard","meta":{"footnotes":""},"categories":[4,14],"tags":[],"class_list":["post-14885","post","type-post","status-publish","format-standard","has-post-thumbnail","hentry","category-noticias","category-secretaria-municipal-de-agricultura"],"aioseo_notices":[],"_links":{"self":[{"href":"https:\/\/prefeitura.santarosa.rs.gov.br\/index.php?rest_route=\/wp\/v2\/posts\/14885","targetHints":{"allow":["GET"]}}],"collection":[{"href":"https:\/\/prefeitura.santarosa.rs.gov.br\/index.php?rest_route=\/wp\/v2\/posts"}],"about":[{"href":"https:\/\/prefeitura.santarosa.rs.gov.br\/index.php?rest_route=\/wp\/v2\/types\/post"}],"author":[{"embeddable":true,"href":"https:\/\/prefeitura.santarosa.rs.gov.br\/index.php?rest_route=\/wp\/v2\/users\/12"}],"replies":[{"embeddable":true,"href":"https:\/\/prefeitura.santarosa.rs.gov.br\/index.php?rest_route=%2Fwp%2Fv2%2Fcomments&post=14885"}],"version-history":[{"count":2,"href":"https:\/\/prefeitura.santarosa.rs.gov.br\/index.php?rest_route=\/wp\/v2\/posts\/14885\/revisions"}],"predecessor-version":[{"id":14889,"href":"https:\/\/prefeitura.santarosa.rs.gov.br\/index.php?rest_route=\/wp\/v2\/posts\/14885\/revisions\/14889"}],"wp:featuredmedia":[{"embeddable":true,"href":"https:\/\/prefeitura.santarosa.rs.gov.br\/index.php?rest_route=\/wp\/v2\/media\/14887"}],"wp:attachment":[{"href":"https:\/\/prefeitura.santarosa.rs.gov.br\/index.php?rest_route=%2Fwp%2Fv2%2Fmedia&parent=14885"}],"wp:term":[{"taxonomy":"category","embeddable":true,"href":"https:\/\/prefeitura.santarosa.rs.gov.br\/index.php?rest_route=%2Fwp%2Fv2%2Fcategories&post=14885"},{"taxonomy":"post_tag","embeddable":true,"href":"https:\/\/prefeitura.santarosa.rs.gov.br\/index.php?rest_route=%2Fwp%2Fv2%2Ftags&post=14885"}],"curies":[{"name":"wp","href":"https:\/\/api.w.org\/{rel}","templated":true}]}}