{"id":14877,"date":"2025-08-26T16:35:39","date_gmt":"2025-08-26T19:35:39","guid":{"rendered":"https:\/\/prefeitura.santarosa.rs.gov.br\/?p=14877"},"modified":"2025-08-26T16:35:40","modified_gmt":"2025-08-26T19:35:40","slug":"santa-rosa-tera-um-centro-dia-do-idoso","status":"publish","type":"post","link":"https:\/\/prefeitura.santarosa.rs.gov.br\/?p=14877","title":{"rendered":"Santa Rosa ter\u00e1 um Centro Dia do Idoso"},"content":{"rendered":"\n<figure class=\"wp-block-image size-large\"><img fetchpriority=\"high\" decoding=\"async\" width=\"1024\" height=\"768\" src=\"https:\/\/prefeitura.santarosa.rs.gov.br\/wp-content\/uploads\/2025\/08\/WhatsApp-Image-2025-08-26-at-16.25.49-1024x768.jpeg\" alt=\"\" class=\"wp-image-14878\" srcset=\"https:\/\/prefeitura.santarosa.rs.gov.br\/wp-content\/uploads\/2025\/08\/WhatsApp-Image-2025-08-26-at-16.25.49-1024x768.jpeg 1024w, https:\/\/prefeitura.santarosa.rs.gov.br\/wp-content\/uploads\/2025\/08\/WhatsApp-Image-2025-08-26-at-16.25.49-300x225.jpeg 300w, https:\/\/prefeitura.santarosa.rs.gov.br\/wp-content\/uploads\/2025\/08\/WhatsApp-Image-2025-08-26-at-16.25.49-768x576.jpeg 768w, https:\/\/prefeitura.santarosa.rs.gov.br\/wp-content\/uploads\/2025\/08\/WhatsApp-Image-2025-08-26-at-16.25.49.jpeg 1280w\" sizes=\"(max-width: 1024px) 100vw, 1024px\" \/><\/figure>\n\n\n\n<p>Nesta semana, o Prefeito Anderson Mantei assinou a ordem de in\u00edcio de mais uma importante obra para Santa Rosa. Um espa\u00e7o diferenciado ser\u00e1 constru\u00eddo para a cria\u00e7\u00e3o do Centro Dia do Idoso. O investimento \u00e9 de R$ 1.292.723,00, sendo R$ 950 mil de repasse Governo Estado e R$ 342.723,00 de contrapartida.<\/p>\n\n\n\n<p>A obra ser\u00e1 realizada no Parque de Exposi\u00e7\u00f5es Alfredo Leandro Carlson e ter\u00e1 339 metros quadrados. O Prefeito Anderson destacou que esse \u00e9 um compromisso do Governo, \u201cQueremos avan\u00e7ar ainda mais com a\u00e7\u00f5es voltadas para os idosos em nossa cidade, oportunizando ainda mais sa\u00fade e qualidade de vida. Este ser\u00e1 um local que temos certeza que ser\u00e1 muito bem aproveitado\u201d. <\/p>\n\n\n\n<p>O espa\u00e7o vai contemplar ambientes para atividades coletivas, individuais, ambulat\u00f3rio, cozinha, refeit\u00f3rio, \u00e1rea de servi\u00e7o, despensa, almoxarifado, sala de repouso, banheiros acess\u00edveis, sala de conviv\u00eancia e espa\u00e7os administrativos. A obra deve ficar pronta em agosto de 2026.<\/p>\n\n\n\n<p><\/p>\n","protected":false},"excerpt":{"rendered":"<p>Nesta semana, o Prefeito Anderson Mantei assinou a ordem de in\u00edcio de mais uma importante obra para Santa Rosa. Um<\/p>\n","protected":false},"author":12,"featured_media":14879,"comment_status":"closed","ping_status":"closed","sticky":false,"template":"","format":"standard","meta":{"footnotes":""},"categories":[4,22],"tags":[],"class_list":["post-14877","post","type-post","status-publish","format-standard","has-post-thumbnail","hentry","category-noticias","category-secretaria-municipal-de-planejamento-e-habitacao"],"aioseo_notices":[],"_links":{"self":[{"href":"https:\/\/prefeitura.santarosa.rs.gov.br\/index.php?rest_route=\/wp\/v2\/posts\/14877","targetHints":{"allow":["GET"]}}],"collection":[{"href":"https:\/\/prefeitura.santarosa.rs.gov.br\/index.php?rest_route=\/wp\/v2\/posts"}],"about":[{"href":"https:\/\/prefeitura.santarosa.rs.gov.br\/index.php?rest_route=\/wp\/v2\/types\/post"}],"author":[{"embeddable":true,"href":"https:\/\/prefeitura.santarosa.rs.gov.br\/index.php?rest_route=\/wp\/v2\/users\/12"}],"replies":[{"embeddable":true,"href":"https:\/\/prefeitura.santarosa.rs.gov.br\/index.php?rest_route=%2Fwp%2Fv2%2Fcomments&post=14877"}],"version-history":[{"count":1,"href":"https:\/\/prefeitura.santarosa.rs.gov.br\/index.php?rest_route=\/wp\/v2\/posts\/14877\/revisions"}],"predecessor-version":[{"id":14880,"href":"https:\/\/prefeitura.santarosa.rs.gov.br\/index.php?rest_route=\/wp\/v2\/posts\/14877\/revisions\/14880"}],"wp:featuredmedia":[{"embeddable":true,"href":"https:\/\/prefeitura.santarosa.rs.gov.br\/index.php?rest_route=\/wp\/v2\/media\/14879"}],"wp:attachment":[{"href":"https:\/\/prefeitura.santarosa.rs.gov.br\/index.php?rest_route=%2Fwp%2Fv2%2Fmedia&parent=14877"}],"wp:term":[{"taxonomy":"category","embeddable":true,"href":"https:\/\/prefeitura.santarosa.rs.gov.br\/index.php?rest_route=%2Fwp%2Fv2%2Fcategories&post=14877"},{"taxonomy":"post_tag","embeddable":true,"href":"https:\/\/prefeitura.santarosa.rs.gov.br\/index.php?rest_route=%2Fwp%2Fv2%2Ftags&post=14877"}],"curies":[{"name":"wp","href":"https:\/\/api.w.org\/{rel}","templated":true}]}}