{"id":14871,"date":"2025-08-26T15:39:34","date_gmt":"2025-08-26T18:39:34","guid":{"rendered":"https:\/\/prefeitura.santarosa.rs.gov.br\/?p=14871"},"modified":"2025-08-26T17:25:32","modified_gmt":"2025-08-26T20:25:32","slug":"iii-olimpiada-dos-idosos-2025","status":"publish","type":"post","link":"https:\/\/prefeitura.santarosa.rs.gov.br\/?p=14871","title":{"rendered":"III OLIMP\u00cdADA DOS IDOSOS-2025"},"content":{"rendered":"\n<figure class=\"wp-block-image size-large\"><img fetchpriority=\"high\" decoding=\"async\" width=\"1024\" height=\"691\" src=\"https:\/\/prefeitura.santarosa.rs.gov.br\/wp-content\/uploads\/2025\/08\/Formato-Portal-do-Cidadao-1600X1080JPG-63-1024x691.jpg\" alt=\"\" class=\"wp-image-14881\" srcset=\"https:\/\/prefeitura.santarosa.rs.gov.br\/wp-content\/uploads\/2025\/08\/Formato-Portal-do-Cidadao-1600X1080JPG-63-1024x691.jpg 1024w, https:\/\/prefeitura.santarosa.rs.gov.br\/wp-content\/uploads\/2025\/08\/Formato-Portal-do-Cidadao-1600X1080JPG-63-300x203.jpg 300w, https:\/\/prefeitura.santarosa.rs.gov.br\/wp-content\/uploads\/2025\/08\/Formato-Portal-do-Cidadao-1600X1080JPG-63-768x518.jpg 768w, https:\/\/prefeitura.santarosa.rs.gov.br\/wp-content\/uploads\/2025\/08\/Formato-Portal-do-Cidadao-1600X1080JPG-63-1536x1037.jpg 1536w, https:\/\/prefeitura.santarosa.rs.gov.br\/wp-content\/uploads\/2025\/08\/Formato-Portal-do-Cidadao-1600X1080JPG-63.jpg 1600w\" sizes=\"(max-width: 1024px) 100vw, 1024px\" \/><\/figure>\n\n\n\n<p>A III edi\u00e7\u00e3o da Olimp\u00edada dos Idosos em Santa Rosa \u00e9 um evento Promovido pela Prefeitura de Santa Rosa. A programa\u00e7\u00e3o acontece no m\u00eas de outubro, juntamente com a programa\u00e7\u00e3o do M\u00eas do idoso.<br>Poder\u00e3o participar pessoas com idade igual ou superior a 60 anos, representando um clube, associa\u00e7\u00e3o ou grupo de idosos da cidade de Santa Rosa.<br>As inscri\u00e7\u00f5es poder\u00e3o ser feitas na Secretaria de Esporte, na Prefeitura, ou no Conselho do Idoso, no Centro de Conviv\u00eancia de Idosos, no Bairro Central, na Rua Porto Alegre-810, at\u00e9 o dia 22 de setembro. As a\u00e7\u00f5es s\u00e3o organizadas pelas Secretarias de Esporte, Desenvolvimento Social e Conselho Municipal dos Direitos do Idoso.<\/p>\n\n\n\n<p>Modalidades e datas:<br>06\/10- 18h30- C\u00e2mbio no Gin\u00e1sio Pedro Deon<br>08\/10- 14h- Bocha em Guia Lopes<br>08\/10-18h30- C\u00e2mbio em Guia Lopes<br>11\/10- 8h-Beach C\u00e2mbio- Arena Pool Beach<br>13\/10-18h30- Basquete Contra-rel\u00f3gio no parc\u00e3o<br>21\/10- 8h30- Canastra- Clube Renascer Juntos- Parque de Exposi\u00e7\u00f5es<\/p>\n","protected":false},"excerpt":{"rendered":"<p>A III edi\u00e7\u00e3o da Olimp\u00edada dos Idosos em Santa Rosa \u00e9 um evento Promovido pela Prefeitura de Santa Rosa. A<\/p>\n","protected":false},"author":12,"featured_media":14882,"comment_status":"closed","ping_status":"closed","sticky":false,"template":"","format":"standard","meta":{"footnotes":""},"categories":[4,17,19],"tags":[],"class_list":["post-14871","post","type-post","status-publish","format-standard","has-post-thumbnail","hentry","category-noticias","category-secretaria-municipal-de-desenvolvimento-social","category-secretaria-municipal-de-esporte"],"aioseo_notices":[],"_links":{"self":[{"href":"https:\/\/prefeitura.santarosa.rs.gov.br\/index.php?rest_route=\/wp\/v2\/posts\/14871","targetHints":{"allow":["GET"]}}],"collection":[{"href":"https:\/\/prefeitura.santarosa.rs.gov.br\/index.php?rest_route=\/wp\/v2\/posts"}],"about":[{"href":"https:\/\/prefeitura.santarosa.rs.gov.br\/index.php?rest_route=\/wp\/v2\/types\/post"}],"author":[{"embeddable":true,"href":"https:\/\/prefeitura.santarosa.rs.gov.br\/index.php?rest_route=\/wp\/v2\/users\/12"}],"replies":[{"embeddable":true,"href":"https:\/\/prefeitura.santarosa.rs.gov.br\/index.php?rest_route=%2Fwp%2Fv2%2Fcomments&post=14871"}],"version-history":[{"count":3,"href":"https:\/\/prefeitura.santarosa.rs.gov.br\/index.php?rest_route=\/wp\/v2\/posts\/14871\/revisions"}],"predecessor-version":[{"id":14883,"href":"https:\/\/prefeitura.santarosa.rs.gov.br\/index.php?rest_route=\/wp\/v2\/posts\/14871\/revisions\/14883"}],"wp:featuredmedia":[{"embeddable":true,"href":"https:\/\/prefeitura.santarosa.rs.gov.br\/index.php?rest_route=\/wp\/v2\/media\/14882"}],"wp:attachment":[{"href":"https:\/\/prefeitura.santarosa.rs.gov.br\/index.php?rest_route=%2Fwp%2Fv2%2Fmedia&parent=14871"}],"wp:term":[{"taxonomy":"category","embeddable":true,"href":"https:\/\/prefeitura.santarosa.rs.gov.br\/index.php?rest_route=%2Fwp%2Fv2%2Fcategories&post=14871"},{"taxonomy":"post_tag","embeddable":true,"href":"https:\/\/prefeitura.santarosa.rs.gov.br\/index.php?rest_route=%2Fwp%2Fv2%2Ftags&post=14871"}],"curies":[{"name":"wp","href":"https:\/\/api.w.org\/{rel}","templated":true}]}}