{"id":14866,"date":"2025-08-26T15:02:59","date_gmt":"2025-08-26T18:02:59","guid":{"rendered":"https:\/\/prefeitura.santarosa.rs.gov.br\/?p=14866"},"modified":"2025-08-26T15:03:00","modified_gmt":"2025-08-26T18:03:00","slug":"prefeitura-realiza-reforma-na-biblioteca-municipal-olavo-bilac-2","status":"publish","type":"post","link":"https:\/\/prefeitura.santarosa.rs.gov.br\/?p=14866","title":{"rendered":"Prefeitura realiza reforma na Biblioteca Municipal Olavo Bilac"},"content":{"rendered":"\n<figure class=\"wp-block-image size-large\"><img fetchpriority=\"high\" decoding=\"async\" width=\"1024\" height=\"768\" src=\"https:\/\/prefeitura.santarosa.rs.gov.br\/wp-content\/uploads\/2025\/08\/WhatsApp-Image-2025-08-26-at-14.37.17-1024x768.jpeg\" alt=\"\" class=\"wp-image-14867\" srcset=\"https:\/\/prefeitura.santarosa.rs.gov.br\/wp-content\/uploads\/2025\/08\/WhatsApp-Image-2025-08-26-at-14.37.17-1024x768.jpeg 1024w, https:\/\/prefeitura.santarosa.rs.gov.br\/wp-content\/uploads\/2025\/08\/WhatsApp-Image-2025-08-26-at-14.37.17-300x225.jpeg 300w, https:\/\/prefeitura.santarosa.rs.gov.br\/wp-content\/uploads\/2025\/08\/WhatsApp-Image-2025-08-26-at-14.37.17-768x576.jpeg 768w, https:\/\/prefeitura.santarosa.rs.gov.br\/wp-content\/uploads\/2025\/08\/WhatsApp-Image-2025-08-26-at-14.37.17-1536x1152.jpeg 1536w, https:\/\/prefeitura.santarosa.rs.gov.br\/wp-content\/uploads\/2025\/08\/WhatsApp-Image-2025-08-26-at-14.37.17-2048x1536.jpeg 2048w\" sizes=\"(max-width: 1024px) 100vw, 1024px\" \/><\/figure>\n\n\n\n<p>Um dos locais que \u00e9 s\u00edmbolo da cultura de Santa Rosa, a Biblioteca P\u00fablica Municipal Olavo Bilac foi reformada. Um ato realizado na manh\u00e3 desta terca-feira(26), reuniu prefeito, vice, vereadores e professoras e marcou a reinaugura\u00e7\u00e3o do local que recebeu novo mobili\u00e1rio.&nbsp;<\/p>\n\n\n\n<p>Foram investidos cerca de R$ 65 mil na obra e mobili\u00e1rio, recurso do Programa Aldir Blanc e Prefeitura. O projeto foi doado pela arquiteta de Santo \u00c2ngelo Mariana Corr\u00eaa. Segundo a Secretaria de Educa\u00e7\u00e3o, Josyane Heck, \u201cCom mais esta reforma foi poss\u00edvel qualificar ainda mais este espa\u00e7o t\u00e3o importante para nossa cultura.&nbsp; Convidamos a comunidade para vir conferir e aproveitar esse belo acervo\u201d.&nbsp;<\/p>\n\n\n\n<p>A Biblioteca conta com acervo de 20 mil livros e fica aberta de&nbsp;segunda&nbsp;a&nbsp;sexta-feira das 7h30 \u00e0s 18h, sem fechar ao meio dia.<\/p>\n","protected":false},"excerpt":{"rendered":"<p>Um dos locais que \u00e9 s\u00edmbolo da cultura de Santa Rosa, a Biblioteca P\u00fablica Municipal Olavo Bilac foi reformada. Um<\/p>\n","protected":false},"author":12,"featured_media":14868,"comment_status":"closed","ping_status":"closed","sticky":false,"template":"","format":"standard","meta":{"footnotes":""},"categories":[4,18],"tags":[],"class_list":["post-14866","post","type-post","status-publish","format-standard","has-post-thumbnail","hentry","category-noticias","category-secretaria-municipal-de-educacao-e-cultura"],"aioseo_notices":[],"_links":{"self":[{"href":"https:\/\/prefeitura.santarosa.rs.gov.br\/index.php?rest_route=\/wp\/v2\/posts\/14866","targetHints":{"allow":["GET"]}}],"collection":[{"href":"https:\/\/prefeitura.santarosa.rs.gov.br\/index.php?rest_route=\/wp\/v2\/posts"}],"about":[{"href":"https:\/\/prefeitura.santarosa.rs.gov.br\/index.php?rest_route=\/wp\/v2\/types\/post"}],"author":[{"embeddable":true,"href":"https:\/\/prefeitura.santarosa.rs.gov.br\/index.php?rest_route=\/wp\/v2\/users\/12"}],"replies":[{"embeddable":true,"href":"https:\/\/prefeitura.santarosa.rs.gov.br\/index.php?rest_route=%2Fwp%2Fv2%2Fcomments&post=14866"}],"version-history":[{"count":1,"href":"https:\/\/prefeitura.santarosa.rs.gov.br\/index.php?rest_route=\/wp\/v2\/posts\/14866\/revisions"}],"predecessor-version":[{"id":14869,"href":"https:\/\/prefeitura.santarosa.rs.gov.br\/index.php?rest_route=\/wp\/v2\/posts\/14866\/revisions\/14869"}],"wp:featuredmedia":[{"embeddable":true,"href":"https:\/\/prefeitura.santarosa.rs.gov.br\/index.php?rest_route=\/wp\/v2\/media\/14868"}],"wp:attachment":[{"href":"https:\/\/prefeitura.santarosa.rs.gov.br\/index.php?rest_route=%2Fwp%2Fv2%2Fmedia&parent=14866"}],"wp:term":[{"taxonomy":"category","embeddable":true,"href":"https:\/\/prefeitura.santarosa.rs.gov.br\/index.php?rest_route=%2Fwp%2Fv2%2Fcategories&post=14866"},{"taxonomy":"post_tag","embeddable":true,"href":"https:\/\/prefeitura.santarosa.rs.gov.br\/index.php?rest_route=%2Fwp%2Fv2%2Ftags&post=14866"}],"curies":[{"name":"wp","href":"https:\/\/api.w.org\/{rel}","templated":true}]}}