{"id":14861,"date":"2025-08-25T15:46:04","date_gmt":"2025-08-25T18:46:04","guid":{"rendered":"https:\/\/prefeitura.santarosa.rs.gov.br\/?p=14861"},"modified":"2025-08-25T15:46:04","modified_gmt":"2025-08-25T18:46:04","slug":"municipio-recebe-certificacao-de-amigo-da-vacina","status":"publish","type":"post","link":"https:\/\/prefeitura.santarosa.rs.gov.br\/?p=14861","title":{"rendered":"Munic\u00edpio recebe certifica\u00e7\u00e3o de Amigo da Vacina"},"content":{"rendered":"\n<figure class=\"wp-block-image size-large\"><img fetchpriority=\"high\" decoding=\"async\" width=\"1024\" height=\"691\" src=\"https:\/\/prefeitura.santarosa.rs.gov.br\/wp-content\/uploads\/2025\/08\/Formato-Portal-do-Cidadao-1600X1080JPG-59-1024x691.jpg\" alt=\"\" class=\"wp-image-14863\" srcset=\"https:\/\/prefeitura.santarosa.rs.gov.br\/wp-content\/uploads\/2025\/08\/Formato-Portal-do-Cidadao-1600X1080JPG-59-1024x691.jpg 1024w, https:\/\/prefeitura.santarosa.rs.gov.br\/wp-content\/uploads\/2025\/08\/Formato-Portal-do-Cidadao-1600X1080JPG-59-300x203.jpg 300w, https:\/\/prefeitura.santarosa.rs.gov.br\/wp-content\/uploads\/2025\/08\/Formato-Portal-do-Cidadao-1600X1080JPG-59-768x518.jpg 768w, https:\/\/prefeitura.santarosa.rs.gov.br\/wp-content\/uploads\/2025\/08\/Formato-Portal-do-Cidadao-1600X1080JPG-59-1536x1037.jpg 1536w, https:\/\/prefeitura.santarosa.rs.gov.br\/wp-content\/uploads\/2025\/08\/Formato-Portal-do-Cidadao-1600X1080JPG-59.jpg 1600w\" sizes=\"(max-width: 1024px) 100vw, 1024px\" \/><\/figure>\n\n\n\n<p>Santa Rosa acaba de receber o \u201cSelo Bronze\u201d, do Governo do Estado como Munic\u00edpio Amigo da Vacina. Em uma solenidade realizada em POA, ocorreu a entrega da certifica\u00e7\u00e3o por ter atingido as metas de vacina\u00e7\u00e3o com a vacina tr\u00edplice viral &#8211; categoria dente de leite.<br>A premia\u00e7\u00e3o \u00e9 uma iniciativa da Secretaria Estadual de Sa\u00fade do RS em parceria com o Minist\u00e9rio P\u00fablico. A inten\u00e7\u00e3o \u00e9 valorizar as estrat\u00e9gias municipais de vacina\u00e7\u00e3o e o esfor\u00e7o di\u00e1rio realizado nos servi\u00e7os de sa\u00fade. Lidiene Superti, Gerente de Aten\u00e7\u00e3o Prim\u00e1ria, destaca a import\u00e2ncia da oferta desse atendimento para a popula\u00e7\u00e3o, \u201cA garantia da vacina\u00e7\u00e3o assegura uma vida saud\u00e1vel e protegida, iniciativas como esta influenciam no aumento da cobertura vacinal\u201d. Lidiane refor\u00e7a tamb\u00e9m que a vacina\u00e7\u00e3o \u00e9 necess\u00e1ria n\u00e3o apenas para prote\u00e7\u00e3o individual, mas tamb\u00e9m coletiva, auxiliando no controle e preven\u00e7\u00e3o de doen\u00e7as, tendo um papel fundamental na promo\u00e7\u00e3o da sa\u00fade p\u00fablica. Santa Rosa conta com 18 salas de vacinas ativas, uma em cada UBS.<\/p>\n","protected":false},"excerpt":{"rendered":"<p>Santa Rosa acaba de receber o \u201cSelo Bronze\u201d, do Governo do Estado como Munic\u00edpio Amigo da Vacina. Em uma solenidade<\/p>\n","protected":false},"author":12,"featured_media":14863,"comment_status":"closed","ping_status":"closed","sticky":false,"template":"","format":"standard","meta":{"footnotes":""},"categories":[4,8],"tags":[],"class_list":["post-14861","post","type-post","status-publish","format-standard","has-post-thumbnail","hentry","category-noticias","category-noticias-fumssar"],"aioseo_notices":[],"_links":{"self":[{"href":"https:\/\/prefeitura.santarosa.rs.gov.br\/index.php?rest_route=\/wp\/v2\/posts\/14861","targetHints":{"allow":["GET"]}}],"collection":[{"href":"https:\/\/prefeitura.santarosa.rs.gov.br\/index.php?rest_route=\/wp\/v2\/posts"}],"about":[{"href":"https:\/\/prefeitura.santarosa.rs.gov.br\/index.php?rest_route=\/wp\/v2\/types\/post"}],"author":[{"embeddable":true,"href":"https:\/\/prefeitura.santarosa.rs.gov.br\/index.php?rest_route=\/wp\/v2\/users\/12"}],"replies":[{"embeddable":true,"href":"https:\/\/prefeitura.santarosa.rs.gov.br\/index.php?rest_route=%2Fwp%2Fv2%2Fcomments&post=14861"}],"version-history":[{"count":1,"href":"https:\/\/prefeitura.santarosa.rs.gov.br\/index.php?rest_route=\/wp\/v2\/posts\/14861\/revisions"}],"predecessor-version":[{"id":14865,"href":"https:\/\/prefeitura.santarosa.rs.gov.br\/index.php?rest_route=\/wp\/v2\/posts\/14861\/revisions\/14865"}],"wp:featuredmedia":[{"embeddable":true,"href":"https:\/\/prefeitura.santarosa.rs.gov.br\/index.php?rest_route=\/wp\/v2\/media\/14863"}],"wp:attachment":[{"href":"https:\/\/prefeitura.santarosa.rs.gov.br\/index.php?rest_route=%2Fwp%2Fv2%2Fmedia&parent=14861"}],"wp:term":[{"taxonomy":"category","embeddable":true,"href":"https:\/\/prefeitura.santarosa.rs.gov.br\/index.php?rest_route=%2Fwp%2Fv2%2Fcategories&post=14861"},{"taxonomy":"post_tag","embeddable":true,"href":"https:\/\/prefeitura.santarosa.rs.gov.br\/index.php?rest_route=%2Fwp%2Fv2%2Ftags&post=14861"}],"curies":[{"name":"wp","href":"https:\/\/api.w.org\/{rel}","templated":true}]}}