{"id":14853,"date":"2025-08-25T09:49:58","date_gmt":"2025-08-25T12:49:58","guid":{"rendered":"https:\/\/prefeitura.santarosa.rs.gov.br\/?p=14853"},"modified":"2025-08-25T09:49:58","modified_gmt":"2025-08-25T12:49:58","slug":"avanca-projeto-de-reservatorios-de-agua","status":"publish","type":"post","link":"https:\/\/prefeitura.santarosa.rs.gov.br\/?p=14853","title":{"rendered":"Avan\u00e7a projeto de reservat\u00f3rios de \u00e1gua"},"content":{"rendered":"\n<figure class=\"wp-block-image size-large\"><img fetchpriority=\"high\" decoding=\"async\" width=\"1024\" height=\"768\" src=\"https:\/\/prefeitura.santarosa.rs.gov.br\/wp-content\/uploads\/2025\/08\/WhatsApp-Image-2025-08-25-at-08.15.25-1024x768.jpeg\" alt=\"\" class=\"wp-image-14854\" srcset=\"https:\/\/prefeitura.santarosa.rs.gov.br\/wp-content\/uploads\/2025\/08\/WhatsApp-Image-2025-08-25-at-08.15.25-1024x768.jpeg 1024w, https:\/\/prefeitura.santarosa.rs.gov.br\/wp-content\/uploads\/2025\/08\/WhatsApp-Image-2025-08-25-at-08.15.25-300x225.jpeg 300w, https:\/\/prefeitura.santarosa.rs.gov.br\/wp-content\/uploads\/2025\/08\/WhatsApp-Image-2025-08-25-at-08.15.25-768x576.jpeg 768w, https:\/\/prefeitura.santarosa.rs.gov.br\/wp-content\/uploads\/2025\/08\/WhatsApp-Image-2025-08-25-at-08.15.25.jpeg 1156w\" sizes=\"(max-width: 1024px) 100vw, 1024px\" \/><\/figure>\n\n\n\n<p>Ampliar a seguran\u00e7a h\u00eddrica no munic\u00edpio, beneficiando especialmente a agricultura e o abastecimento em per\u00edodos de estiagem. Foi dado in\u00edcio a um importante projeto de constru\u00e7\u00e3o de reservat\u00f3rios para acumula\u00e7\u00e3o de \u00e1gua com usos m\u00faltiplos em Santa Rosa.<\/p>\n\n\n\n<p>Um encontro realizado na Prefeitura contou com a presen\u00e7a da equipe t\u00e9cnica respons\u00e1vel pela condu\u00e7\u00e3o das a\u00e7\u00f5es e pelo planejamento das pr\u00f3ximas etapas. O projeto teve in\u00edcio a partir de um estudo realizado por um grupo de profissionais, entre eles professores da Universidade Federal do Rio Grande do Sul (UFRGS), e foi viabilizado por meio de uma emenda parlamentar do Senador Lu\u00eds Carlos Heinze, no valor de R$ 100 mil. Esse estudo identificou as \u00e1reas mais adequadas para a constru\u00e7\u00e3o dos reservat\u00f3rios no territ\u00f3rio municipal, incluindo a localiza\u00e7\u00e3o geogr\u00e1fica, volume de \u00e1gua acumulado e \u00e1rea de alague.<\/p>\n\n\n\n<p>Para avan\u00e7ar com o projeto, a Prefeitura de Santa Rosa contratou um engenheiro agr\u00f4nomo que ficou respons\u00e1vel por realizar o levantamento t\u00e9cnico e de campo, garantindo a precis\u00e3o e viabilidade das interven\u00e7\u00f5es. Durante a reuni\u00e3o, foram avaliados os pontos mapeados pelo estudo, totalizando 229 locais indicados para reserva\u00e7\u00e3o de \u00e1gua. O vice-prefeito Aldemir Ulrich que conduziu a reuni\u00e3o, destacou a iniciativa, \u201cEste projeto representa um grande passo para garantir o desenvolvimento sustent\u00e1vel da nossa regi\u00e3o. A reserva\u00e7\u00e3o de \u00e1gua \u00e9 uma estrat\u00e9gia fundamental para enfrentar os desafios clim\u00e1ticos e assegurar melhores condi\u00e7\u00f5es de produ\u00e7\u00e3o para os nossos agricultores\u201d.<\/p>\n\n\n\n<p>Entre as pr\u00f3ximas a\u00e7\u00f5es previstas est\u00e3o a defini\u00e7\u00e3o das demandas priorit\u00e1rias, a elabora\u00e7\u00e3o do cronograma de execu\u00e7\u00e3o e o in\u00edcio das atividades de divulga\u00e7\u00e3o do projeto junto aos produtores rurais do munic\u00edpio.<\/p>\n","protected":false},"excerpt":{"rendered":"<p>Ampliar a seguran\u00e7a h\u00eddrica no munic\u00edpio, beneficiando especialmente a agricultura e o abastecimento em per\u00edodos de estiagem. Foi dado in\u00edcio<\/p>\n","protected":false},"author":12,"featured_media":14855,"comment_status":"closed","ping_status":"closed","sticky":false,"template":"","format":"standard","meta":{"footnotes":""},"categories":[4,22],"tags":[],"class_list":["post-14853","post","type-post","status-publish","format-standard","has-post-thumbnail","hentry","category-noticias","category-secretaria-municipal-de-planejamento-e-habitacao"],"aioseo_notices":[],"_links":{"self":[{"href":"https:\/\/prefeitura.santarosa.rs.gov.br\/index.php?rest_route=\/wp\/v2\/posts\/14853","targetHints":{"allow":["GET"]}}],"collection":[{"href":"https:\/\/prefeitura.santarosa.rs.gov.br\/index.php?rest_route=\/wp\/v2\/posts"}],"about":[{"href":"https:\/\/prefeitura.santarosa.rs.gov.br\/index.php?rest_route=\/wp\/v2\/types\/post"}],"author":[{"embeddable":true,"href":"https:\/\/prefeitura.santarosa.rs.gov.br\/index.php?rest_route=\/wp\/v2\/users\/12"}],"replies":[{"embeddable":true,"href":"https:\/\/prefeitura.santarosa.rs.gov.br\/index.php?rest_route=%2Fwp%2Fv2%2Fcomments&post=14853"}],"version-history":[{"count":1,"href":"https:\/\/prefeitura.santarosa.rs.gov.br\/index.php?rest_route=\/wp\/v2\/posts\/14853\/revisions"}],"predecessor-version":[{"id":14856,"href":"https:\/\/prefeitura.santarosa.rs.gov.br\/index.php?rest_route=\/wp\/v2\/posts\/14853\/revisions\/14856"}],"wp:featuredmedia":[{"embeddable":true,"href":"https:\/\/prefeitura.santarosa.rs.gov.br\/index.php?rest_route=\/wp\/v2\/media\/14855"}],"wp:attachment":[{"href":"https:\/\/prefeitura.santarosa.rs.gov.br\/index.php?rest_route=%2Fwp%2Fv2%2Fmedia&parent=14853"}],"wp:term":[{"taxonomy":"category","embeddable":true,"href":"https:\/\/prefeitura.santarosa.rs.gov.br\/index.php?rest_route=%2Fwp%2Fv2%2Fcategories&post=14853"},{"taxonomy":"post_tag","embeddable":true,"href":"https:\/\/prefeitura.santarosa.rs.gov.br\/index.php?rest_route=%2Fwp%2Fv2%2Ftags&post=14853"}],"curies":[{"name":"wp","href":"https:\/\/api.w.org\/{rel}","templated":true}]}}