{"id":14847,"date":"2025-08-22T10:28:57","date_gmt":"2025-08-22T13:28:57","guid":{"rendered":"https:\/\/prefeitura.santarosa.rs.gov.br\/?p=14847"},"modified":"2025-08-22T10:28:58","modified_gmt":"2025-08-22T13:28:58","slug":"ordem-de-inicio-para-lajeado-capim","status":"publish","type":"post","link":"https:\/\/prefeitura.santarosa.rs.gov.br\/?p=14847","title":{"rendered":"Ordem de In\u00edcio para Lajeado Capim"},"content":{"rendered":"\n<figure class=\"wp-block-image size-large\"><img fetchpriority=\"high\" decoding=\"async\" width=\"1024\" height=\"768\" src=\"https:\/\/prefeitura.santarosa.rs.gov.br\/wp-content\/uploads\/2025\/08\/WhatsApp-Image-2025-08-22-at-09.56.44-1024x768.jpeg\" alt=\"\" class=\"wp-image-14848\" srcset=\"https:\/\/prefeitura.santarosa.rs.gov.br\/wp-content\/uploads\/2025\/08\/WhatsApp-Image-2025-08-22-at-09.56.44-1024x768.jpeg 1024w, https:\/\/prefeitura.santarosa.rs.gov.br\/wp-content\/uploads\/2025\/08\/WhatsApp-Image-2025-08-22-at-09.56.44-300x225.jpeg 300w, https:\/\/prefeitura.santarosa.rs.gov.br\/wp-content\/uploads\/2025\/08\/WhatsApp-Image-2025-08-22-at-09.56.44-768x576.jpeg 768w, https:\/\/prefeitura.santarosa.rs.gov.br\/wp-content\/uploads\/2025\/08\/WhatsApp-Image-2025-08-22-at-09.56.44.jpeg 1280w\" sizes=\"(max-width: 1024px) 100vw, 1024px\" \/><\/figure>\n\n\n\n<p>O Prefeito Anderson Mantei assinou nesta semana, a ordem de in\u00edcio da obra de pavimenta\u00e7\u00e3o para a estrada do Lajeado Capim. Essa era uma antiga demanda da comunidade que utiliza muito a via para escoamento de safra.&nbsp;<\/p>\n\n\n\n<p>&nbsp;A obra de cal\u00e7amento deve iniciar na pr\u00f3xima semana e contempla 1.200 metros lineares. O investimento \u00e9 de mais de R$1,2 milh\u00e3o.<\/p>\n\n\n\n<p>Moradores da localidade participaram do ato e agradeceram o investimento nesta importante localidade do Lajeado Capim. O projeto inclui pavimenta\u00e7\u00e3o com pedras irregulares, al\u00e9m de uma s\u00e9rie de servi\u00e7os complementares, como regulariza\u00e7\u00e3o do terreno, implanta\u00e7\u00e3o de rede de drenagem, assentamento de meio-fio de concreto e enleivamento das sarjetas.<\/p>\n\n\n\n<p>O Prefeito Anderson Mantei, destacou a import\u00e2ncia da obra, \u201cEsse projeto vai melhorar o acesso e seguran\u00e7a para os cidad\u00e3os que trafegam pelo local e para toda a comunidade. Estamos realizando v\u00e1rios investimentos nas estradas, nas pontes e em toda infraestrutura do interior e vamos seguir com muitos investimentos para os agricultores e suas fam\u00edlias\u201d.<\/p>\n\n\n\n<p>O prazo de execu\u00e7\u00e3o da obra \u00e9 de 150 dias, conforme estabelecido em contrato.<\/p>\n","protected":false},"excerpt":{"rendered":"<p>O Prefeito Anderson Mantei assinou nesta semana, a ordem de in\u00edcio da obra de pavimenta\u00e7\u00e3o para a estrada do Lajeado<\/p>\n","protected":false},"author":12,"featured_media":14849,"comment_status":"closed","ping_status":"closed","sticky":false,"template":"","format":"standard","meta":{"footnotes":""},"categories":[4,22],"tags":[],"class_list":["post-14847","post","type-post","status-publish","format-standard","has-post-thumbnail","hentry","category-noticias","category-secretaria-municipal-de-planejamento-e-habitacao"],"aioseo_notices":[],"_links":{"self":[{"href":"https:\/\/prefeitura.santarosa.rs.gov.br\/index.php?rest_route=\/wp\/v2\/posts\/14847","targetHints":{"allow":["GET"]}}],"collection":[{"href":"https:\/\/prefeitura.santarosa.rs.gov.br\/index.php?rest_route=\/wp\/v2\/posts"}],"about":[{"href":"https:\/\/prefeitura.santarosa.rs.gov.br\/index.php?rest_route=\/wp\/v2\/types\/post"}],"author":[{"embeddable":true,"href":"https:\/\/prefeitura.santarosa.rs.gov.br\/index.php?rest_route=\/wp\/v2\/users\/12"}],"replies":[{"embeddable":true,"href":"https:\/\/prefeitura.santarosa.rs.gov.br\/index.php?rest_route=%2Fwp%2Fv2%2Fcomments&post=14847"}],"version-history":[{"count":1,"href":"https:\/\/prefeitura.santarosa.rs.gov.br\/index.php?rest_route=\/wp\/v2\/posts\/14847\/revisions"}],"predecessor-version":[{"id":14850,"href":"https:\/\/prefeitura.santarosa.rs.gov.br\/index.php?rest_route=\/wp\/v2\/posts\/14847\/revisions\/14850"}],"wp:featuredmedia":[{"embeddable":true,"href":"https:\/\/prefeitura.santarosa.rs.gov.br\/index.php?rest_route=\/wp\/v2\/media\/14849"}],"wp:attachment":[{"href":"https:\/\/prefeitura.santarosa.rs.gov.br\/index.php?rest_route=%2Fwp%2Fv2%2Fmedia&parent=14847"}],"wp:term":[{"taxonomy":"category","embeddable":true,"href":"https:\/\/prefeitura.santarosa.rs.gov.br\/index.php?rest_route=%2Fwp%2Fv2%2Fcategories&post=14847"},{"taxonomy":"post_tag","embeddable":true,"href":"https:\/\/prefeitura.santarosa.rs.gov.br\/index.php?rest_route=%2Fwp%2Fv2%2Ftags&post=14847"}],"curies":[{"name":"wp","href":"https:\/\/api.w.org\/{rel}","templated":true}]}}