{"id":14835,"date":"2025-08-21T14:01:04","date_gmt":"2025-08-21T17:01:04","guid":{"rendered":"https:\/\/prefeitura.santarosa.rs.gov.br\/?p=14835"},"modified":"2025-08-21T15:55:37","modified_gmt":"2025-08-21T18:55:37","slug":"conselho-municipal-antidrogas-comad-de-santa-rosa-realiza-evento-entre-likes-e-lagrimas","status":"publish","type":"post","link":"https:\/\/prefeitura.santarosa.rs.gov.br\/?p=14835","title":{"rendered":"Conselho Municipal Antidrogas (COMAD) de Santa Rosa realiza evento &#8220;Entre Likes e L\u00e1grimas&#8221;"},"content":{"rendered":"\n<figure class=\"wp-block-image size-large\"><img fetchpriority=\"high\" decoding=\"async\" width=\"1024\" height=\"768\" src=\"https:\/\/prefeitura.santarosa.rs.gov.br\/wp-content\/uploads\/2025\/08\/WhatsApp-Image-2025-08-21-at-09.55.42-1024x768.jpeg\" alt=\"\" class=\"wp-image-14836\" srcset=\"https:\/\/prefeitura.santarosa.rs.gov.br\/wp-content\/uploads\/2025\/08\/WhatsApp-Image-2025-08-21-at-09.55.42-1024x768.jpeg 1024w, https:\/\/prefeitura.santarosa.rs.gov.br\/wp-content\/uploads\/2025\/08\/WhatsApp-Image-2025-08-21-at-09.55.42-300x225.jpeg 300w, https:\/\/prefeitura.santarosa.rs.gov.br\/wp-content\/uploads\/2025\/08\/WhatsApp-Image-2025-08-21-at-09.55.42-768x576.jpeg 768w, https:\/\/prefeitura.santarosa.rs.gov.br\/wp-content\/uploads\/2025\/08\/WhatsApp-Image-2025-08-21-at-09.55.42-1536x1152.jpeg 1536w, https:\/\/prefeitura.santarosa.rs.gov.br\/wp-content\/uploads\/2025\/08\/WhatsApp-Image-2025-08-21-at-09.55.42.jpeg 1600w\" sizes=\"(max-width: 1024px) 100vw, 1024px\" \/><\/figure>\n\n\n\n<p>No dia 18 de agosto de 2025, o Conselho Municipal Antidrogas (COMAD) de Santa Rosa promoveu o evento &#8220;Entre Likes e L\u00e1grimas&#8221;. A iniciativa consistiu em uma pe\u00e7a teatral voltada para adolescentes do 7\u00ba e 8\u00ba ano de escolas p\u00fablicas (municipais e estaduais) e privadas da cidade e contou com a presen\u00e7a de mais de 900 adolescentes nos turnos da manh\u00e3 e tarde.<\/p>\n\n\n\n<p>Segundo Anderson Noro, presidente do COMAD, o objetivo do evento foi abordar, de forma sens\u00edvel e did\u00e1tica, temas cruciais para essa faixa et\u00e1ria, como: A import\u00e2ncia do di\u00e1logo e da estrutura familiar,  As consequ\u00eancias do uso de subst\u00e2ncias e os perigos do v\u00edcio e o papel das m\u00eddias digitais na vida dos jovens, incluindo os riscos e as press\u00f5es sociais.<\/p>\n\n\n\n<p>A pe\u00e7a buscou criar um espa\u00e7o de reflex\u00e3o, utilizando a arte como ferramenta para conscientizar os jovens sobre os desafios e as escolhas que enfrentam, incentivando-os a tomar decis\u00f5es conscientes e a buscar apoio em suas fam\u00edlias e na comunidade.<\/p>\n\n\n\n<p>De acordo com a gerente da Rede de Aten\u00e7\u00e3o Psicossocial (RAPS) da Fumssar, psic\u00f3loga Fl\u00e1via Albuquerque, o evento &#8220;Entre Likes e L\u00e1grimas&#8221; \u00e9 uma oportunidade crucial para sensibilizar os adolescentes. Ela destaca que a iniciativa aborda temas como m\u00eddias digitais, uso abusivo de subst\u00e2ncias psicoativas e as rela\u00e7\u00f5es sociais em que os jovens est\u00e3o inseridos.<\/p>\n\n\n\n<p>O objetivo \u00e9 trabalhar de forma clara e respons\u00e1vel com todos os sistemas de apoio dispon\u00edveis. A pe\u00e7a teatral se torna, portanto, uma ferramenta estrat\u00e9gica para atingir esses objetivos de maneira efetiva e acess\u00edvel aos jovens.<\/p>\n\n\n\n<p><\/p>\n","protected":false},"excerpt":{"rendered":"<p>No dia 18 de agosto de 2025, o Conselho Municipal Antidrogas (COMAD) de Santa Rosa promoveu o evento &#8220;Entre Likes<\/p>\n","protected":false},"author":12,"featured_media":14837,"comment_status":"closed","ping_status":"closed","sticky":false,"template":"","format":"standard","meta":{"footnotes":""},"categories":[4,8],"tags":[],"class_list":["post-14835","post","type-post","status-publish","format-standard","has-post-thumbnail","hentry","category-noticias","category-noticias-fumssar"],"aioseo_notices":[],"_links":{"self":[{"href":"https:\/\/prefeitura.santarosa.rs.gov.br\/index.php?rest_route=\/wp\/v2\/posts\/14835","targetHints":{"allow":["GET"]}}],"collection":[{"href":"https:\/\/prefeitura.santarosa.rs.gov.br\/index.php?rest_route=\/wp\/v2\/posts"}],"about":[{"href":"https:\/\/prefeitura.santarosa.rs.gov.br\/index.php?rest_route=\/wp\/v2\/types\/post"}],"author":[{"embeddable":true,"href":"https:\/\/prefeitura.santarosa.rs.gov.br\/index.php?rest_route=\/wp\/v2\/users\/12"}],"replies":[{"embeddable":true,"href":"https:\/\/prefeitura.santarosa.rs.gov.br\/index.php?rest_route=%2Fwp%2Fv2%2Fcomments&post=14835"}],"version-history":[{"count":6,"href":"https:\/\/prefeitura.santarosa.rs.gov.br\/index.php?rest_route=\/wp\/v2\/posts\/14835\/revisions"}],"predecessor-version":[{"id":14846,"href":"https:\/\/prefeitura.santarosa.rs.gov.br\/index.php?rest_route=\/wp\/v2\/posts\/14835\/revisions\/14846"}],"wp:featuredmedia":[{"embeddable":true,"href":"https:\/\/prefeitura.santarosa.rs.gov.br\/index.php?rest_route=\/wp\/v2\/media\/14837"}],"wp:attachment":[{"href":"https:\/\/prefeitura.santarosa.rs.gov.br\/index.php?rest_route=%2Fwp%2Fv2%2Fmedia&parent=14835"}],"wp:term":[{"taxonomy":"category","embeddable":true,"href":"https:\/\/prefeitura.santarosa.rs.gov.br\/index.php?rest_route=%2Fwp%2Fv2%2Fcategories&post=14835"},{"taxonomy":"post_tag","embeddable":true,"href":"https:\/\/prefeitura.santarosa.rs.gov.br\/index.php?rest_route=%2Fwp%2Fv2%2Ftags&post=14835"}],"curies":[{"name":"wp","href":"https:\/\/api.w.org\/{rel}","templated":true}]}}