{"id":14831,"date":"2025-08-21T10:51:17","date_gmt":"2025-08-21T13:51:17","guid":{"rendered":"https:\/\/prefeitura.santarosa.rs.gov.br\/?p=14831"},"modified":"2025-08-21T15:33:52","modified_gmt":"2025-08-21T18:33:52","slug":"prefeito-realiza-entrega-de-matriculas-para-regularizacao-de-imoveis-2","status":"publish","type":"post","link":"https:\/\/prefeitura.santarosa.rs.gov.br\/?p=14831","title":{"rendered":"Prefeito realiza entrega de matr\u00edculas para regulariza\u00e7\u00e3o de im\u00f3veis"},"content":{"rendered":"\n<figure class=\"wp-block-image size-large\"><img fetchpriority=\"high\" decoding=\"async\" width=\"1024\" height=\"768\" src=\"https:\/\/prefeitura.santarosa.rs.gov.br\/wp-content\/uploads\/2025\/08\/WhatsApp-Image-2025-08-21-at-08.27.44-1-1024x768.jpeg\" alt=\"\" class=\"wp-image-14832\" srcset=\"https:\/\/prefeitura.santarosa.rs.gov.br\/wp-content\/uploads\/2025\/08\/WhatsApp-Image-2025-08-21-at-08.27.44-1-1024x768.jpeg 1024w, https:\/\/prefeitura.santarosa.rs.gov.br\/wp-content\/uploads\/2025\/08\/WhatsApp-Image-2025-08-21-at-08.27.44-1-300x225.jpeg 300w, https:\/\/prefeitura.santarosa.rs.gov.br\/wp-content\/uploads\/2025\/08\/WhatsApp-Image-2025-08-21-at-08.27.44-1-768x576.jpeg 768w, https:\/\/prefeitura.santarosa.rs.gov.br\/wp-content\/uploads\/2025\/08\/WhatsApp-Image-2025-08-21-at-08.27.44-1-1536x1152.jpeg 1536w, https:\/\/prefeitura.santarosa.rs.gov.br\/wp-content\/uploads\/2025\/08\/WhatsApp-Image-2025-08-21-at-08.27.44-1-2048x1536.jpeg 2048w\" sizes=\"(max-width: 1024px) 100vw, 1024px\" \/><\/figure>\n\n\n\n<p>Prefeito, vice-prefeito e vereadores realizaram nesta quarta-feira (20), a entrega das matr\u00edculas de 147 unidades habitacionais regularizadas. Foram beneficiados moradores do Bom Retiro. O ato aconteceu no Parque de Exposi\u00e7\u00f5es Alfredo Leandro Carlson.<\/p>\n\n\n\n<p>O procedimento de regulariza\u00e7\u00e3o consistiu na abertura de matr\u00edculas dos lotes, com a averba\u00e7\u00e3o das edifica\u00e7\u00f5es e a transfer\u00eancia para os benefici\u00e1rios. O Prefeito Anderson Mantei, destacou a import\u00e2ncia da entrega das matr\u00edculas para a comunidade, \u201cEntregamos em 5 anos mais do que foi entregue em 25 anos do munic\u00edpio. Se n\u00e3o fosse o apoio dos vereadores n\u00f3s n\u00e3o chegar\u00edamos a tanto, um agradecimento tamb\u00e9m a toda equipe de servidores que se empenhou muito para realiza\u00e7\u00e3o dessa a\u00e7\u00e3o. Para n\u00f3s \u00e9 um orgulho estar perto de 1 mil fam\u00edlias que receberam sua escritura\u201d.<\/p>\n\n\n\n<p>As fam\u00edlias receberam a escritura das m\u00e3os dos vereadores que estiveram presentes. Dona Maria Neusa Soares moradora da rua Lind\u00f3ia, estava muito feliz pela seguran\u00e7a que passou a ter, \u201cEsperava h\u00e1 mais de 20 anos, foi a realiza\u00e7\u00e3o de um sonho agora eu me sinto segura\u201d. <\/p>\n\n\n\n<p>A Prefeitura segue realizando processos de regulariza\u00e7\u00e3o fundi\u00e1ria e nos pr\u00f3ximos meses deve contemplar mais fam\u00edlias.<\/p>\n\n\n\n<p><\/p>\n","protected":false},"excerpt":{"rendered":"<p>Prefeito, vice-prefeito e vereadores realizaram nesta quarta-feira (20), a entrega das matr\u00edculas de 147 unidades habitacionais regularizadas. Foram beneficiados moradores<\/p>\n","protected":false},"author":12,"featured_media":14833,"comment_status":"closed","ping_status":"closed","sticky":false,"template":"","format":"standard","meta":{"footnotes":""},"categories":[4,22],"tags":[],"class_list":["post-14831","post","type-post","status-publish","format-standard","has-post-thumbnail","hentry","category-noticias","category-secretaria-municipal-de-planejamento-e-habitacao"],"aioseo_notices":[],"_links":{"self":[{"href":"https:\/\/prefeitura.santarosa.rs.gov.br\/index.php?rest_route=\/wp\/v2\/posts\/14831","targetHints":{"allow":["GET"]}}],"collection":[{"href":"https:\/\/prefeitura.santarosa.rs.gov.br\/index.php?rest_route=\/wp\/v2\/posts"}],"about":[{"href":"https:\/\/prefeitura.santarosa.rs.gov.br\/index.php?rest_route=\/wp\/v2\/types\/post"}],"author":[{"embeddable":true,"href":"https:\/\/prefeitura.santarosa.rs.gov.br\/index.php?rest_route=\/wp\/v2\/users\/12"}],"replies":[{"embeddable":true,"href":"https:\/\/prefeitura.santarosa.rs.gov.br\/index.php?rest_route=%2Fwp%2Fv2%2Fcomments&post=14831"}],"version-history":[{"count":3,"href":"https:\/\/prefeitura.santarosa.rs.gov.br\/index.php?rest_route=\/wp\/v2\/posts\/14831\/revisions"}],"predecessor-version":[{"id":14843,"href":"https:\/\/prefeitura.santarosa.rs.gov.br\/index.php?rest_route=\/wp\/v2\/posts\/14831\/revisions\/14843"}],"wp:featuredmedia":[{"embeddable":true,"href":"https:\/\/prefeitura.santarosa.rs.gov.br\/index.php?rest_route=\/wp\/v2\/media\/14833"}],"wp:attachment":[{"href":"https:\/\/prefeitura.santarosa.rs.gov.br\/index.php?rest_route=%2Fwp%2Fv2%2Fmedia&parent=14831"}],"wp:term":[{"taxonomy":"category","embeddable":true,"href":"https:\/\/prefeitura.santarosa.rs.gov.br\/index.php?rest_route=%2Fwp%2Fv2%2Fcategories&post=14831"},{"taxonomy":"post_tag","embeddable":true,"href":"https:\/\/prefeitura.santarosa.rs.gov.br\/index.php?rest_route=%2Fwp%2Fv2%2Ftags&post=14831"}],"curies":[{"name":"wp","href":"https:\/\/api.w.org\/{rel}","templated":true}]}}