{"id":14824,"date":"2025-08-20T17:15:29","date_gmt":"2025-08-20T20:15:29","guid":{"rendered":"https:\/\/prefeitura.santarosa.rs.gov.br\/?p=14824"},"modified":"2025-08-20T17:15:30","modified_gmt":"2025-08-20T20:15:30","slug":"fogo-simbolico-da-patria-e-recepcionado-em-santa-rosa-2","status":"publish","type":"post","link":"https:\/\/prefeitura.santarosa.rs.gov.br\/?p=14824","title":{"rendered":"Fogo Simb\u00f3lico da P\u00e1tria \u00e9 recepcionado em Santa Rosa"},"content":{"rendered":"\n<figure class=\"wp-block-image size-large\"><img fetchpriority=\"high\" decoding=\"async\" width=\"1024\" height=\"768\" src=\"https:\/\/prefeitura.santarosa.rs.gov.br\/wp-content\/uploads\/2025\/08\/WhatsApp-Image-2025-08-20-at-17.11.39-1024x768.jpeg\" alt=\"\" class=\"wp-image-14825\" srcset=\"https:\/\/prefeitura.santarosa.rs.gov.br\/wp-content\/uploads\/2025\/08\/WhatsApp-Image-2025-08-20-at-17.11.39-1024x768.jpeg 1024w, https:\/\/prefeitura.santarosa.rs.gov.br\/wp-content\/uploads\/2025\/08\/WhatsApp-Image-2025-08-20-at-17.11.39-300x225.jpeg 300w, https:\/\/prefeitura.santarosa.rs.gov.br\/wp-content\/uploads\/2025\/08\/WhatsApp-Image-2025-08-20-at-17.11.39-768x576.jpeg 768w, https:\/\/prefeitura.santarosa.rs.gov.br\/wp-content\/uploads\/2025\/08\/WhatsApp-Image-2025-08-20-at-17.11.39.jpeg 1280w\" sizes=\"(max-width: 1024px) 100vw, 1024px\" \/><\/figure>\n\n\n\n<p>Na noite desta terca-feira(19), a centelha do Fogo Simb\u00f3lico da P\u00e1tria chegou em Santa Rosa. Na oportunidade, foi realizada uma solenidade da 88\u00ba Corrida do Fogo Simb\u00f3lico da P\u00e1tria 2025. O ato contou com a participa\u00e7\u00e3o do Governo Municipal, Brigada Militar e do 19\u00ba RC Mec que recepcionaram a Centelha Patri\u00f3tica.<br>Escoteiros, alunos, autoridades e a comunidade tamb\u00e9m estiveram presentes.<\/p>\n\n\n\n<p>A Corrida do Fogo Simb\u00f3lico da P\u00e1tria \u00e9 realizada pela Liga da Defesa Nacional, que tem como objetivo a entrega da centelha patri\u00f3tica aos munic\u00edpios ga\u00fachos, a fim de abrilhantar os festejos da Data Magna do Brasil, 07 de Setembro, Dia Nacional da Independ\u00eancia. No ano de 2025 a Liga da Defesa Nacional tem como Tema Nacional \u201cDom Pedro II\u201d, e como Tema Regional \u201cGr\u00eamio N\u00e1utico Uni\u00e3o.\u201d<\/p>\n\n\n\n<p>O Vice-Prefeito Aldemir Ulrich, recebeu das m\u00e3os do Sr. Gilmar Sousa Chagas &#8211; Dirigente Institucional da Liga da Defesa Nacional do Rio Grande do Sul, a centelha do fogo, \u201cPrecisamos sempre difundir e incrementar o civismo na nossa comunidade. Relembrar os valores e fortalecer essa tradi\u00e7\u00e3o que deve ser passada de gera\u00e7\u00e3o em gera\u00e7\u00e3o\u201d, destaca Aldemir.<\/p>\n\n\n\n<p>A Diretora Presidente do Grupo Escoteiro Araj\u00e1s Denise Assenheimer e Aldemir Ulrich conduziram a centelha do Fogo Simb\u00f3lico da P\u00e1tria ao Tenente Coronel Cl\u00e9ber Henrique Bernarde Sim\u00f5es. Ele acompanha a corpora\u00e7\u00e3o que ficar\u00e1 at\u00e9 o dia 01 de setembro, dia em que ser\u00e1 conduzida at\u00e9 a Prefeitura para a abertura da Semana da P\u00e1tria.<\/p>\n","protected":false},"excerpt":{"rendered":"<p>Na noite desta terca-feira(19), a centelha do Fogo Simb\u00f3lico da P\u00e1tria chegou em Santa Rosa. Na oportunidade, foi realizada uma<\/p>\n","protected":false},"author":12,"featured_media":14826,"comment_status":"closed","ping_status":"closed","sticky":false,"template":"","format":"standard","meta":{"footnotes":""},"categories":[4,17],"tags":[],"class_list":["post-14824","post","type-post","status-publish","format-standard","has-post-thumbnail","hentry","category-noticias","category-secretaria-municipal-de-desenvolvimento-social"],"aioseo_notices":[],"_links":{"self":[{"href":"https:\/\/prefeitura.santarosa.rs.gov.br\/index.php?rest_route=\/wp\/v2\/posts\/14824","targetHints":{"allow":["GET"]}}],"collection":[{"href":"https:\/\/prefeitura.santarosa.rs.gov.br\/index.php?rest_route=\/wp\/v2\/posts"}],"about":[{"href":"https:\/\/prefeitura.santarosa.rs.gov.br\/index.php?rest_route=\/wp\/v2\/types\/post"}],"author":[{"embeddable":true,"href":"https:\/\/prefeitura.santarosa.rs.gov.br\/index.php?rest_route=\/wp\/v2\/users\/12"}],"replies":[{"embeddable":true,"href":"https:\/\/prefeitura.santarosa.rs.gov.br\/index.php?rest_route=%2Fwp%2Fv2%2Fcomments&post=14824"}],"version-history":[{"count":1,"href":"https:\/\/prefeitura.santarosa.rs.gov.br\/index.php?rest_route=\/wp\/v2\/posts\/14824\/revisions"}],"predecessor-version":[{"id":14827,"href":"https:\/\/prefeitura.santarosa.rs.gov.br\/index.php?rest_route=\/wp\/v2\/posts\/14824\/revisions\/14827"}],"wp:featuredmedia":[{"embeddable":true,"href":"https:\/\/prefeitura.santarosa.rs.gov.br\/index.php?rest_route=\/wp\/v2\/media\/14826"}],"wp:attachment":[{"href":"https:\/\/prefeitura.santarosa.rs.gov.br\/index.php?rest_route=%2Fwp%2Fv2%2Fmedia&parent=14824"}],"wp:term":[{"taxonomy":"category","embeddable":true,"href":"https:\/\/prefeitura.santarosa.rs.gov.br\/index.php?rest_route=%2Fwp%2Fv2%2Fcategories&post=14824"},{"taxonomy":"post_tag","embeddable":true,"href":"https:\/\/prefeitura.santarosa.rs.gov.br\/index.php?rest_route=%2Fwp%2Fv2%2Ftags&post=14824"}],"curies":[{"name":"wp","href":"https:\/\/api.w.org\/{rel}","templated":true}]}}