{"id":14820,"date":"2025-08-19T16:45:12","date_gmt":"2025-08-19T19:45:12","guid":{"rendered":"https:\/\/prefeitura.santarosa.rs.gov.br\/?p=14820"},"modified":"2025-08-19T16:45:12","modified_gmt":"2025-08-19T19:45:12","slug":"avanca-a-obra-da-rua-10-de-novembro-no-bairro-central","status":"publish","type":"post","link":"https:\/\/prefeitura.santarosa.rs.gov.br\/?p=14820","title":{"rendered":"Avan\u00e7a a obra da Rua 10 de Novembro no bairro Central"},"content":{"rendered":"\n<figure class=\"wp-block-image size-large\"><img fetchpriority=\"high\" decoding=\"async\" width=\"1024\" height=\"768\" src=\"https:\/\/prefeitura.santarosa.rs.gov.br\/wp-content\/uploads\/2025\/08\/WhatsApp-Image-2025-08-06-at-14.59.10-1024x768.jpeg\" alt=\"\" class=\"wp-image-14821\" srcset=\"https:\/\/prefeitura.santarosa.rs.gov.br\/wp-content\/uploads\/2025\/08\/WhatsApp-Image-2025-08-06-at-14.59.10-1024x768.jpeg 1024w, https:\/\/prefeitura.santarosa.rs.gov.br\/wp-content\/uploads\/2025\/08\/WhatsApp-Image-2025-08-06-at-14.59.10-300x225.jpeg 300w, https:\/\/prefeitura.santarosa.rs.gov.br\/wp-content\/uploads\/2025\/08\/WhatsApp-Image-2025-08-06-at-14.59.10-768x576.jpeg 768w, https:\/\/prefeitura.santarosa.rs.gov.br\/wp-content\/uploads\/2025\/08\/WhatsApp-Image-2025-08-06-at-14.59.10-1536x1152.jpeg 1536w, https:\/\/prefeitura.santarosa.rs.gov.br\/wp-content\/uploads\/2025\/08\/WhatsApp-Image-2025-08-06-at-14.59.10.jpeg 1600w\" sizes=\"(max-width: 1024px) 100vw, 1024px\" \/><\/figure>\n\n\n\n<p><br>A pavimenta\u00e7\u00e3o da Rua 10 de Novembro, no Bairro Central, avan\u00e7a com ritmo acelerado e j\u00e1 alcan\u00e7ou 60% da obra conclu\u00edda. O Governo Municipal segue investindo em melhorias urbanas que prometem transformar a mobilidade e o desenvolvimento da regi\u00e3o. A interven\u00e7\u00e3o contempla uma \u00e1rea de 14.943 metros quadrados, com investimento superior a R$ 5,1 milh\u00f5es.<\/p>\n\n\n\n<p>Atualmente, as equipes trabalham na aplica\u00e7\u00e3o da segunda camada de asfalto, etapa essencial para garantir a durabilidade e qualidade da via. Em seguida, ser\u00e3o executadas a sinaliza\u00e7\u00e3o, as rampas de acessibilidade e a constru\u00e7\u00e3o dos passeios, conforme previsto no projeto. Essa \u00e9 a primeira fase do projeto, que compreende o trecho entre a Avenida Expedicion\u00e1rio Weber e a Rua Bernardo Guimar\u00e3es. O Prefeito Anderson Mantei destacou a relev\u00e2ncia da obra, \u201cA Rua 10 de Novembro est\u00e1 se transformando e vai facilitar o tr\u00e2nsito, garantindo mais seguran\u00e7a para pedestres e motoristas. Estamos investindo em infraestrutura de qualidade para preparar Santa Rosa para os pr\u00f3ximos anos\u201d.<\/p>\n\n\n\n<p>O projeto inclui, al\u00e9m da pavimenta\u00e7\u00e3o, o alargamento da pista, implanta\u00e7\u00e3o de rede de drenagem, base e sub-base refor\u00e7adas, constru\u00e7\u00e3o de passeios com rampas acess\u00edveis, nivelamento das tampas da Aegea\/Corsan e sinaliza\u00e7\u00e3o completa. Ap\u00f3s a conclus\u00e3o desta etapa, a obra ir\u00e1 avan\u00e7ar para o trecho que vai da Rua Bernardo Guimar\u00e3es at\u00e9 o trevo da RSC-472, passando pelas ruas Manoel Brand\u00e3o Ferreira Filho e Dr. Accioly.<\/p>\n","protected":false},"excerpt":{"rendered":"<p>A pavimenta\u00e7\u00e3o da Rua 10 de Novembro, no Bairro Central, avan\u00e7a com ritmo acelerado e j\u00e1 alcan\u00e7ou 60% da obra<\/p>\n","protected":false},"author":12,"featured_media":14822,"comment_status":"closed","ping_status":"closed","sticky":false,"template":"","format":"standard","meta":{"footnotes":""},"categories":[4,22],"tags":[],"class_list":["post-14820","post","type-post","status-publish","format-standard","has-post-thumbnail","hentry","category-noticias","category-secretaria-municipal-de-planejamento-e-habitacao"],"aioseo_notices":[],"_links":{"self":[{"href":"https:\/\/prefeitura.santarosa.rs.gov.br\/index.php?rest_route=\/wp\/v2\/posts\/14820","targetHints":{"allow":["GET"]}}],"collection":[{"href":"https:\/\/prefeitura.santarosa.rs.gov.br\/index.php?rest_route=\/wp\/v2\/posts"}],"about":[{"href":"https:\/\/prefeitura.santarosa.rs.gov.br\/index.php?rest_route=\/wp\/v2\/types\/post"}],"author":[{"embeddable":true,"href":"https:\/\/prefeitura.santarosa.rs.gov.br\/index.php?rest_route=\/wp\/v2\/users\/12"}],"replies":[{"embeddable":true,"href":"https:\/\/prefeitura.santarosa.rs.gov.br\/index.php?rest_route=%2Fwp%2Fv2%2Fcomments&post=14820"}],"version-history":[{"count":1,"href":"https:\/\/prefeitura.santarosa.rs.gov.br\/index.php?rest_route=\/wp\/v2\/posts\/14820\/revisions"}],"predecessor-version":[{"id":14823,"href":"https:\/\/prefeitura.santarosa.rs.gov.br\/index.php?rest_route=\/wp\/v2\/posts\/14820\/revisions\/14823"}],"wp:featuredmedia":[{"embeddable":true,"href":"https:\/\/prefeitura.santarosa.rs.gov.br\/index.php?rest_route=\/wp\/v2\/media\/14822"}],"wp:attachment":[{"href":"https:\/\/prefeitura.santarosa.rs.gov.br\/index.php?rest_route=%2Fwp%2Fv2%2Fmedia&parent=14820"}],"wp:term":[{"taxonomy":"category","embeddable":true,"href":"https:\/\/prefeitura.santarosa.rs.gov.br\/index.php?rest_route=%2Fwp%2Fv2%2Fcategories&post=14820"},{"taxonomy":"post_tag","embeddable":true,"href":"https:\/\/prefeitura.santarosa.rs.gov.br\/index.php?rest_route=%2Fwp%2Fv2%2Ftags&post=14820"}],"curies":[{"name":"wp","href":"https:\/\/api.w.org\/{rel}","templated":true}]}}