{"id":14655,"date":"2025-07-25T14:31:52","date_gmt":"2025-07-25T17:31:52","guid":{"rendered":"https:\/\/prefeitura.santarosa.rs.gov.br\/?p=14655"},"modified":"2025-07-25T14:31:52","modified_gmt":"2025-07-25T17:31:52","slug":"avanca-obra-da-rua-alfa-centauro","status":"publish","type":"post","link":"https:\/\/prefeitura.santarosa.rs.gov.br\/?p=14655","title":{"rendered":"Avan\u00e7a obra da Rua Alfa Centauro"},"content":{"rendered":"\n<figure class=\"wp-block-image size-large\"><img fetchpriority=\"high\" decoding=\"async\" width=\"1024\" height=\"768\" src=\"https:\/\/prefeitura.santarosa.rs.gov.br\/wp-content\/uploads\/2025\/07\/WhatsApp-Image-2025-07-25-at-14.08.53-1-1024x768.jpeg\" alt=\"\" class=\"wp-image-14656\" srcset=\"https:\/\/prefeitura.santarosa.rs.gov.br\/wp-content\/uploads\/2025\/07\/WhatsApp-Image-2025-07-25-at-14.08.53-1-1024x768.jpeg 1024w, https:\/\/prefeitura.santarosa.rs.gov.br\/wp-content\/uploads\/2025\/07\/WhatsApp-Image-2025-07-25-at-14.08.53-1-300x225.jpeg 300w, https:\/\/prefeitura.santarosa.rs.gov.br\/wp-content\/uploads\/2025\/07\/WhatsApp-Image-2025-07-25-at-14.08.53-1-768x576.jpeg 768w, https:\/\/prefeitura.santarosa.rs.gov.br\/wp-content\/uploads\/2025\/07\/WhatsApp-Image-2025-07-25-at-14.08.53-1-1536x1152.jpeg 1536w, https:\/\/prefeitura.santarosa.rs.gov.br\/wp-content\/uploads\/2025\/07\/WhatsApp-Image-2025-07-25-at-14.08.53-1-2048x1536.jpeg 2048w\" sizes=\"(max-width: 1024px) 100vw, 1024px\" \/><\/figure>\n\n\n\n<p>Seguem os trabalhos de pavimenta\u00e7\u00e3o na Rua Alfa Centauro, no bairro Cruzeiro. A via ser\u00e1 a terceira liga\u00e7\u00e3o direta entre as avenidas Expedicion\u00e1rio Weber e Am\u00e9rica, com o objetivo de melhorar a mobilidade urbana em Santa Rosa.<\/p>\n\n\n\n<p>Nesta etapa, as equipes atuam na execu\u00e7\u00e3o da rede de drenagem pluvial e nos trabalhos de terraplanagem ao longo do trecho. O projeto est\u00e1 15% conclu\u00eddo. J\u00e1 foram realizados os servi\u00e7os de supress\u00e3o da vegeta\u00e7\u00e3o e a abertura da via no ponto de conex\u00e3o com a Avenida Am\u00e9rica. O Prefeito em Exerc\u00edcio, Aldemir Ulrich, destaca, \u201cEssa liga\u00e7\u00e3o vai representar um avan\u00e7o significativo na mobilidade da nossa cidade que est\u00e1 em pleno desenvolvimento e precisa de vias alternativas para melhor organiza\u00e7\u00e3o do fluxo. Com essa obra teremos mais uma liga\u00e7\u00e3o entre a avenida Expedicion\u00e1rio e a Am\u00e9rica\u201d.<\/p>\n\n\n\n<p>Com um investimento superior a R$ 4,5 milh\u00f5es, a obra abrange 788 metros lineares e uma \u00e1rea total de 11.946,54 metros quadrados, entre a Rua \u00c2ngelo Massaia e a Avenida Am\u00e9rica. Al\u00e9m da pavimenta\u00e7\u00e3o, o projeto inclui servi\u00e7os de base e sub-base com brita graduada, drenagem pluvial, instala\u00e7\u00e3o de sarjetas, meio-fio em concreto, rampas de acessibilidade e sinaliza\u00e7\u00e3o horizontal e vertical.<\/p>\n","protected":false},"excerpt":{"rendered":"<p>Seguem os trabalhos de pavimenta\u00e7\u00e3o na Rua Alfa Centauro, no bairro Cruzeiro. A via ser\u00e1 a terceira liga\u00e7\u00e3o direta entre<\/p>\n","protected":false},"author":12,"featured_media":14657,"comment_status":"closed","ping_status":"closed","sticky":false,"template":"","format":"standard","meta":{"footnotes":""},"categories":[4,22],"tags":[],"class_list":["post-14655","post","type-post","status-publish","format-standard","has-post-thumbnail","hentry","category-noticias","category-secretaria-municipal-de-planejamento-e-habitacao"],"aioseo_notices":[],"_links":{"self":[{"href":"https:\/\/prefeitura.santarosa.rs.gov.br\/index.php?rest_route=\/wp\/v2\/posts\/14655","targetHints":{"allow":["GET"]}}],"collection":[{"href":"https:\/\/prefeitura.santarosa.rs.gov.br\/index.php?rest_route=\/wp\/v2\/posts"}],"about":[{"href":"https:\/\/prefeitura.santarosa.rs.gov.br\/index.php?rest_route=\/wp\/v2\/types\/post"}],"author":[{"embeddable":true,"href":"https:\/\/prefeitura.santarosa.rs.gov.br\/index.php?rest_route=\/wp\/v2\/users\/12"}],"replies":[{"embeddable":true,"href":"https:\/\/prefeitura.santarosa.rs.gov.br\/index.php?rest_route=%2Fwp%2Fv2%2Fcomments&post=14655"}],"version-history":[{"count":1,"href":"https:\/\/prefeitura.santarosa.rs.gov.br\/index.php?rest_route=\/wp\/v2\/posts\/14655\/revisions"}],"predecessor-version":[{"id":14658,"href":"https:\/\/prefeitura.santarosa.rs.gov.br\/index.php?rest_route=\/wp\/v2\/posts\/14655\/revisions\/14658"}],"wp:featuredmedia":[{"embeddable":true,"href":"https:\/\/prefeitura.santarosa.rs.gov.br\/index.php?rest_route=\/wp\/v2\/media\/14657"}],"wp:attachment":[{"href":"https:\/\/prefeitura.santarosa.rs.gov.br\/index.php?rest_route=%2Fwp%2Fv2%2Fmedia&parent=14655"}],"wp:term":[{"taxonomy":"category","embeddable":true,"href":"https:\/\/prefeitura.santarosa.rs.gov.br\/index.php?rest_route=%2Fwp%2Fv2%2Fcategories&post=14655"},{"taxonomy":"post_tag","embeddable":true,"href":"https:\/\/prefeitura.santarosa.rs.gov.br\/index.php?rest_route=%2Fwp%2Fv2%2Ftags&post=14655"}],"curies":[{"name":"wp","href":"https:\/\/api.w.org\/{rel}","templated":true}]}}