{"id":14650,"date":"2025-07-24T16:55:42","date_gmt":"2025-07-24T19:55:42","guid":{"rendered":"https:\/\/prefeitura.santarosa.rs.gov.br\/?p=14650"},"modified":"2025-07-24T16:55:42","modified_gmt":"2025-07-24T19:55:42","slug":"capacitacao-para-produtores-de-leite-esta-na-9a-edicao-no-municipio","status":"publish","type":"post","link":"https:\/\/prefeitura.santarosa.rs.gov.br\/?p=14650","title":{"rendered":"Capacita\u00e7\u00e3o para produtores de leite est\u00e1 na 9\u00aa edi\u00e7\u00e3o no munic\u00edpio"},"content":{"rendered":"\n<figure class=\"wp-block-image size-large\"><img fetchpriority=\"high\" decoding=\"async\" width=\"1024\" height=\"768\" src=\"https:\/\/prefeitura.santarosa.rs.gov.br\/wp-content\/uploads\/2025\/07\/WhatsApp-Image-2025-07-23-at-17.04.42-1024x768.jpeg\" alt=\"\" class=\"wp-image-14651\" srcset=\"https:\/\/prefeitura.santarosa.rs.gov.br\/wp-content\/uploads\/2025\/07\/WhatsApp-Image-2025-07-23-at-17.04.42-1024x768.jpeg 1024w, https:\/\/prefeitura.santarosa.rs.gov.br\/wp-content\/uploads\/2025\/07\/WhatsApp-Image-2025-07-23-at-17.04.42-300x225.jpeg 300w, https:\/\/prefeitura.santarosa.rs.gov.br\/wp-content\/uploads\/2025\/07\/WhatsApp-Image-2025-07-23-at-17.04.42-768x576.jpeg 768w, https:\/\/prefeitura.santarosa.rs.gov.br\/wp-content\/uploads\/2025\/07\/WhatsApp-Image-2025-07-23-at-17.04.42-1536x1152.jpeg 1536w, https:\/\/prefeitura.santarosa.rs.gov.br\/wp-content\/uploads\/2025\/07\/WhatsApp-Image-2025-07-23-at-17.04.42-2048x1536.jpeg 2048w\" sizes=\"(max-width: 1024px) 100vw, 1024px\" \/><\/figure>\n\n\n\n<p>A Prefeitura de Santa Rosa por meio da Secretaria de Agricultura, em parceria com o Sindicato Rural e o SENAR-RS, est\u00e1 com a 9\u00aa turma do Programa Leitec em andamento. O programa, que integra a \u00e1rea de Forma\u00e7\u00e3o Profissional Rural (FPR) do SENAR-RS, oferece consultoria e assist\u00eancia t\u00e9cnica especializada a produtores de leite do munic\u00edpio, promovendo o fortalecimento da cadeia leiteira local.<\/p>\n\n\n\n<p>Com carga hor\u00e1ria de 120 horas, divididas em 11 m\u00f3dulos, o Leitec aborda de forma pr\u00e1tica e t\u00e9cnica todos os principais setores da pecu\u00e1ria leiteira: Gest\u00e3o da Propriedade, Manejo e Fertilidade do Solo, Cria\u00e7\u00e3o de Terneiras e Novilhas, Vaca Seca e em Lacta\u00e7\u00e3o, Melhoramento Gen\u00e9tico, Produ\u00e7\u00e3o de Forrageiras, Nutri\u00e7\u00e3o, Manejo Sanit\u00e1rio, Ordenha e Qualidade do Leite. O Secret\u00e1rio de Agricultura, Gerson Karkow, destaca a iniciativa, \u201cAs a\u00e7\u00f5es do Leitec s\u00e3o fundamentais para desenvolver a atividade leiteira com base t\u00e9cnica e sustent\u00e1vel. O envolvimento dos produtores tem sido muito positivo, o que mostra que estamos no caminho certo ao investir em capacita\u00e7\u00e3o e conhecimento no campo\u201d.<\/p>\n\n\n\n<p>Cada turma contempla 10 propriedades rurais, com atividades em grupo e atendimentos individualizados nas propriedades. Os produtores interessados em participar das pr\u00f3ximas turmas do Programa Leitec podem se inscrever diretamente na Secretaria de Agricultura ou pelo telefone (55) 3511-5109.<\/p>\n","protected":false},"excerpt":{"rendered":"<p>A Prefeitura de Santa Rosa por meio da Secretaria de Agricultura, em parceria com o Sindicato Rural e o SENAR-RS,<\/p>\n","protected":false},"author":12,"featured_media":14652,"comment_status":"closed","ping_status":"closed","sticky":false,"template":"","format":"standard","meta":{"footnotes":""},"categories":[14],"tags":[],"class_list":["post-14650","post","type-post","status-publish","format-standard","has-post-thumbnail","hentry","category-secretaria-municipal-de-agricultura"],"aioseo_notices":[],"_links":{"self":[{"href":"https:\/\/prefeitura.santarosa.rs.gov.br\/index.php?rest_route=\/wp\/v2\/posts\/14650","targetHints":{"allow":["GET"]}}],"collection":[{"href":"https:\/\/prefeitura.santarosa.rs.gov.br\/index.php?rest_route=\/wp\/v2\/posts"}],"about":[{"href":"https:\/\/prefeitura.santarosa.rs.gov.br\/index.php?rest_route=\/wp\/v2\/types\/post"}],"author":[{"embeddable":true,"href":"https:\/\/prefeitura.santarosa.rs.gov.br\/index.php?rest_route=\/wp\/v2\/users\/12"}],"replies":[{"embeddable":true,"href":"https:\/\/prefeitura.santarosa.rs.gov.br\/index.php?rest_route=%2Fwp%2Fv2%2Fcomments&post=14650"}],"version-history":[{"count":1,"href":"https:\/\/prefeitura.santarosa.rs.gov.br\/index.php?rest_route=\/wp\/v2\/posts\/14650\/revisions"}],"predecessor-version":[{"id":14653,"href":"https:\/\/prefeitura.santarosa.rs.gov.br\/index.php?rest_route=\/wp\/v2\/posts\/14650\/revisions\/14653"}],"wp:featuredmedia":[{"embeddable":true,"href":"https:\/\/prefeitura.santarosa.rs.gov.br\/index.php?rest_route=\/wp\/v2\/media\/14652"}],"wp:attachment":[{"href":"https:\/\/prefeitura.santarosa.rs.gov.br\/index.php?rest_route=%2Fwp%2Fv2%2Fmedia&parent=14650"}],"wp:term":[{"taxonomy":"category","embeddable":true,"href":"https:\/\/prefeitura.santarosa.rs.gov.br\/index.php?rest_route=%2Fwp%2Fv2%2Fcategories&post=14650"},{"taxonomy":"post_tag","embeddable":true,"href":"https:\/\/prefeitura.santarosa.rs.gov.br\/index.php?rest_route=%2Fwp%2Fv2%2Ftags&post=14650"}],"curies":[{"name":"wp","href":"https:\/\/api.w.org\/{rel}","templated":true}]}}