{"id":14645,"date":"2025-07-24T11:19:15","date_gmt":"2025-07-24T14:19:15","guid":{"rendered":"https:\/\/prefeitura.santarosa.rs.gov.br\/?p=14645"},"modified":"2025-07-24T11:19:15","modified_gmt":"2025-07-24T14:19:15","slug":"santa-rosa-e-destaque-em-evento-regional-de-inovacao-com-apresentacao-do-semear-agro-hub","status":"publish","type":"post","link":"https:\/\/prefeitura.santarosa.rs.gov.br\/?p=14645","title":{"rendered":"Santa Rosa \u00e9 destaque em evento regional de inova\u00e7\u00e3o com apresenta\u00e7\u00e3o do Semear Agro Hub"},"content":{"rendered":"\n<figure class=\"wp-block-image size-large\"><img fetchpriority=\"high\" decoding=\"async\" width=\"1024\" height=\"768\" src=\"https:\/\/prefeitura.santarosa.rs.gov.br\/wp-content\/uploads\/2025\/07\/WhatsApp-Image-2025-07-23-at-17.03.07-1024x768.jpeg\" alt=\"\" class=\"wp-image-14646\" srcset=\"https:\/\/prefeitura.santarosa.rs.gov.br\/wp-content\/uploads\/2025\/07\/WhatsApp-Image-2025-07-23-at-17.03.07-1024x768.jpeg 1024w, https:\/\/prefeitura.santarosa.rs.gov.br\/wp-content\/uploads\/2025\/07\/WhatsApp-Image-2025-07-23-at-17.03.07-300x225.jpeg 300w, https:\/\/prefeitura.santarosa.rs.gov.br\/wp-content\/uploads\/2025\/07\/WhatsApp-Image-2025-07-23-at-17.03.07-768x576.jpeg 768w, https:\/\/prefeitura.santarosa.rs.gov.br\/wp-content\/uploads\/2025\/07\/WhatsApp-Image-2025-07-23-at-17.03.07-1536x1152.jpeg 1536w, https:\/\/prefeitura.santarosa.rs.gov.br\/wp-content\/uploads\/2025\/07\/WhatsApp-Image-2025-07-23-at-17.03.07-2048x1536.jpeg 2048w\" sizes=\"(max-width: 1024px) 100vw, 1024px\" \/><\/figure>\n\n\n\n<p>Nesta semana, o Semear Agro Hub Santa Rosa, vinculado \u00e0 Prefeitura de Santa Rosa, foi destaque no evento Inova RS, realizado em Tr\u00eas Passos. Representando o Hub, participaram o diretor Cl\u00e9ber Graef e o gerente Dionatan Rafael da Silva, que apresentaram institucionalmente a estrutura, miss\u00e3o e iniciativas do Semear Agro Hub voltadas para a inova\u00e7\u00e3o no agroneg\u00f3cio da regi\u00e3o.<\/p>\n\n\n\n<p>Durante a apresenta\u00e7\u00e3o, foram compartilhadas as diretrizes do projeto e seus pr\u00f3ximos passos, refor\u00e7ando o papel do Hub como catalisador de solu\u00e7\u00f5es tecnol\u00f3gicas no setor agr\u00edcola. Tamb\u00e9m foi ressaltado que Santa Rosa j\u00e1 conta com um habitat de inova\u00e7\u00e3o e tecnologia em opera\u00e7\u00e3o, ampliando as oportunidades de desenvolvimento regional, \u201cO Semear Agro Hub \u00e9 uma iniciativa que nasce do compromisso da Prefeitura com a inova\u00e7\u00e3o e o fortalecimento do agroneg\u00f3cio local. Nossa miss\u00e3o \u00e9 conectar talentos, conhecimento e tecnologia para gerar oportunidades e solu\u00e7\u00f5es que impactem as cadeias produtivas do territ\u00f3rio, especialmente o produtor rural e a ind\u00fastria\u201d, destacou o diretor Cl\u00e9ber Graef.<\/p>\n\n\n\n<p>O Inova RS \u00e9 um programa do Governo do Estado do Rio Grande do Sul, conduzido pela Secretaria de Inova\u00e7\u00e3o, Ci\u00eancia e Tecnologia. O objetivo \u00e9 posicionar o RS no cen\u00e1rio global da inova\u00e7\u00e3o at\u00e9 2030, por meio de oito ecossistemas regionais, entre eles, o da Regi\u00e3o Noroeste e Miss\u00f5es, promovendo a integra\u00e7\u00e3o entre academia, setor produtivo, governo e sociedade civil.<\/p>\n","protected":false},"excerpt":{"rendered":"<p>Nesta semana, o Semear Agro Hub Santa Rosa, vinculado \u00e0 Prefeitura de Santa Rosa, foi destaque no evento Inova RS,<\/p>\n","protected":false},"author":12,"featured_media":14647,"comment_status":"closed","ping_status":"closed","sticky":false,"template":"","format":"standard","meta":{"footnotes":""},"categories":[4,16],"tags":[],"class_list":["post-14645","post","type-post","status-publish","format-standard","has-post-thumbnail","hentry","category-noticias","category-secretaria-municipal-de-desenvolvimento-economico-turismo-e-tecnologia"],"aioseo_notices":[],"_links":{"self":[{"href":"https:\/\/prefeitura.santarosa.rs.gov.br\/index.php?rest_route=\/wp\/v2\/posts\/14645","targetHints":{"allow":["GET"]}}],"collection":[{"href":"https:\/\/prefeitura.santarosa.rs.gov.br\/index.php?rest_route=\/wp\/v2\/posts"}],"about":[{"href":"https:\/\/prefeitura.santarosa.rs.gov.br\/index.php?rest_route=\/wp\/v2\/types\/post"}],"author":[{"embeddable":true,"href":"https:\/\/prefeitura.santarosa.rs.gov.br\/index.php?rest_route=\/wp\/v2\/users\/12"}],"replies":[{"embeddable":true,"href":"https:\/\/prefeitura.santarosa.rs.gov.br\/index.php?rest_route=%2Fwp%2Fv2%2Fcomments&post=14645"}],"version-history":[{"count":1,"href":"https:\/\/prefeitura.santarosa.rs.gov.br\/index.php?rest_route=\/wp\/v2\/posts\/14645\/revisions"}],"predecessor-version":[{"id":14648,"href":"https:\/\/prefeitura.santarosa.rs.gov.br\/index.php?rest_route=\/wp\/v2\/posts\/14645\/revisions\/14648"}],"wp:featuredmedia":[{"embeddable":true,"href":"https:\/\/prefeitura.santarosa.rs.gov.br\/index.php?rest_route=\/wp\/v2\/media\/14647"}],"wp:attachment":[{"href":"https:\/\/prefeitura.santarosa.rs.gov.br\/index.php?rest_route=%2Fwp%2Fv2%2Fmedia&parent=14645"}],"wp:term":[{"taxonomy":"category","embeddable":true,"href":"https:\/\/prefeitura.santarosa.rs.gov.br\/index.php?rest_route=%2Fwp%2Fv2%2Fcategories&post=14645"},{"taxonomy":"post_tag","embeddable":true,"href":"https:\/\/prefeitura.santarosa.rs.gov.br\/index.php?rest_route=%2Fwp%2Fv2%2Ftags&post=14645"}],"curies":[{"name":"wp","href":"https:\/\/api.w.org\/{rel}","templated":true}]}}