{"id":14640,"date":"2025-07-23T16:43:22","date_gmt":"2025-07-23T19:43:22","guid":{"rendered":"https:\/\/prefeitura.santarosa.rs.gov.br\/?p=14640"},"modified":"2025-07-23T16:43:23","modified_gmt":"2025-07-23T19:43:23","slug":"prefeitura-promove-dois-dias-de-formacao-pedagogica-na-rede-municipal-de-ensino","status":"publish","type":"post","link":"https:\/\/prefeitura.santarosa.rs.gov.br\/?p=14640","title":{"rendered":"Prefeitura promove dois dias de Forma\u00e7\u00e3o Pedag\u00f3gica na Rede Municipal de Ensino"},"content":{"rendered":"\n<figure class=\"wp-block-image size-large\"><img fetchpriority=\"high\" decoding=\"async\" width=\"1024\" height=\"576\" src=\"https:\/\/prefeitura.santarosa.rs.gov.br\/wp-content\/uploads\/2025\/07\/WhatsApp-Image-2025-07-23-at-15.48.00-1024x576.jpeg\" alt=\"\" class=\"wp-image-14641\" srcset=\"https:\/\/prefeitura.santarosa.rs.gov.br\/wp-content\/uploads\/2025\/07\/WhatsApp-Image-2025-07-23-at-15.48.00-1024x576.jpeg 1024w, https:\/\/prefeitura.santarosa.rs.gov.br\/wp-content\/uploads\/2025\/07\/WhatsApp-Image-2025-07-23-at-15.48.00-300x169.jpeg 300w, https:\/\/prefeitura.santarosa.rs.gov.br\/wp-content\/uploads\/2025\/07\/WhatsApp-Image-2025-07-23-at-15.48.00-768x432.jpeg 768w, https:\/\/prefeitura.santarosa.rs.gov.br\/wp-content\/uploads\/2025\/07\/WhatsApp-Image-2025-07-23-at-15.48.00-1536x864.jpeg 1536w, https:\/\/prefeitura.santarosa.rs.gov.br\/wp-content\/uploads\/2025\/07\/WhatsApp-Image-2025-07-23-at-15.48.00-2048x1152.jpeg 2048w\" sizes=\"(max-width: 1024px) 100vw, 1024px\" \/><\/figure>\n\n\n\n<p>Nesta semana, os professores da Rede Municipal de Ensino de Santa Rosa vivenciaram dois dias de intensas atividades voltadas \u00e0 forma\u00e7\u00e3o pedag\u00f3gica. A iniciativa, promovida pela Prefeitura por meio da Secretaria de Educa\u00e7\u00e3o e Cultura, reafirma o compromisso da Administra\u00e7\u00e3o com a qualifica\u00e7\u00e3o permanente dos profissionais da educa\u00e7\u00e3o. Durante as forma\u00e7\u00f5es, temas essenciais e atuais estiveram em pauta, como Educa\u00e7\u00e3o Antirracista e Cultura da Paz, Heterogeneidades no Desenvolvimento Infantil, Alfabetiza\u00e7\u00e3o baseada em evid\u00eancias e o Estatuto da Crian\u00e7a e do Adolescente (ECA).<\/p>\n\n\n\n<p>Na oportunidade, a professora Clarice Tomaz abordou a aplicabilidade pedag\u00f3gica da Lei 10.639\/03, promovendo uma reflex\u00e3o sobre a import\u00e2ncia de uma educa\u00e7\u00e3o antirracista, plural, inclusiva e representativa. J\u00e1 a psic\u00f3loga Alexandra Gallon trabalhou a tem\u00e1tica das heterogeneidades no desenvolvimento, destacando aspectos do neurodesenvolvimento infantil e os impactos de vari\u00e1veis biol\u00f3gicas e culturais na aprendizagem. Al\u00e9m disso, os professores dos Anos Iniciais do Ensino Fundamental participaram da palestra da professora Dra. Neusa da Silva, que trouxe contribui\u00e7\u00f5es da ci\u00eancia cognitiva da leitura para o processo de alfabetiza\u00e7\u00e3o. A Secret\u00e1ria de Educa\u00e7\u00e3o, Josyane Heck, destacou que a forma\u00e7\u00e3o continuada \u00e9 um dos pilares para uma educa\u00e7\u00e3o p\u00fablica de qualidade, &#8220;Investir na forma\u00e7\u00e3o continuada dos nossos professores \u00e9 garantir qualidade na aprendizagem dos nossos alunos. A educa\u00e7\u00e3o de Santa Rosa tem um compromisso com o desenvolvimento de cada estudante, e isso se concretiza quando fortalecemos os educadores em sua pr\u00e1tica cotidiana&#8221;.<\/p>\n\n\n\n<p>A Cultura da Paz tamb\u00e9m foi um dos temas abordados. A Ju\u00edza de Direito da Inf\u00e2ncia e Juventude, Dra. Bianca Savicki, palestrou sobre a relev\u00e2ncia das pr\u00e1ticas restaurativas e dos c\u00edrculos de constru\u00e7\u00e3o de paz. J\u00e1 a Promotora de Justi\u00e7a, Dra. Ana Paula Mantay, conduziu o momento de estudo sobre o Estatuto da Crian\u00e7a e do Adolescente (ECA), que completa 35 anos em 2025, ressaltando sua aplicabilidade no cotidiano escolar e a import\u00e2ncia do cumprimento da lei para garantir os direitos das crian\u00e7as e adolescentes.<\/p>\n\n\n\n<p>Nesta ter\u00e7a-feira (22), os professores foram acolhidos em suas respectivas escolas, com forma\u00e7\u00f5es espec\u00edficas, momentos de organiza\u00e7\u00e3o do segundo semestre letivo, al\u00e9m de reconhecimento pela dedica\u00e7\u00e3o e pelo trabalho pedag\u00f3gico desenvolvido com os alunos da Rede Municipal de Ensino.<\/p>\n","protected":false},"excerpt":{"rendered":"<p>Nesta semana, os professores da Rede Municipal de Ensino de Santa Rosa vivenciaram dois dias de intensas atividades voltadas \u00e0<\/p>\n","protected":false},"author":12,"featured_media":14642,"comment_status":"closed","ping_status":"closed","sticky":false,"template":"","format":"standard","meta":{"footnotes":""},"categories":[4,18],"tags":[],"class_list":["post-14640","post","type-post","status-publish","format-standard","has-post-thumbnail","hentry","category-noticias","category-secretaria-municipal-de-educacao-e-cultura"],"aioseo_notices":[],"_links":{"self":[{"href":"https:\/\/prefeitura.santarosa.rs.gov.br\/index.php?rest_route=\/wp\/v2\/posts\/14640","targetHints":{"allow":["GET"]}}],"collection":[{"href":"https:\/\/prefeitura.santarosa.rs.gov.br\/index.php?rest_route=\/wp\/v2\/posts"}],"about":[{"href":"https:\/\/prefeitura.santarosa.rs.gov.br\/index.php?rest_route=\/wp\/v2\/types\/post"}],"author":[{"embeddable":true,"href":"https:\/\/prefeitura.santarosa.rs.gov.br\/index.php?rest_route=\/wp\/v2\/users\/12"}],"replies":[{"embeddable":true,"href":"https:\/\/prefeitura.santarosa.rs.gov.br\/index.php?rest_route=%2Fwp%2Fv2%2Fcomments&post=14640"}],"version-history":[{"count":1,"href":"https:\/\/prefeitura.santarosa.rs.gov.br\/index.php?rest_route=\/wp\/v2\/posts\/14640\/revisions"}],"predecessor-version":[{"id":14643,"href":"https:\/\/prefeitura.santarosa.rs.gov.br\/index.php?rest_route=\/wp\/v2\/posts\/14640\/revisions\/14643"}],"wp:featuredmedia":[{"embeddable":true,"href":"https:\/\/prefeitura.santarosa.rs.gov.br\/index.php?rest_route=\/wp\/v2\/media\/14642"}],"wp:attachment":[{"href":"https:\/\/prefeitura.santarosa.rs.gov.br\/index.php?rest_route=%2Fwp%2Fv2%2Fmedia&parent=14640"}],"wp:term":[{"taxonomy":"category","embeddable":true,"href":"https:\/\/prefeitura.santarosa.rs.gov.br\/index.php?rest_route=%2Fwp%2Fv2%2Fcategories&post=14640"},{"taxonomy":"post_tag","embeddable":true,"href":"https:\/\/prefeitura.santarosa.rs.gov.br\/index.php?rest_route=%2Fwp%2Fv2%2Ftags&post=14640"}],"curies":[{"name":"wp","href":"https:\/\/api.w.org\/{rel}","templated":true}]}}