{"id":14627,"date":"2025-07-23T16:21:45","date_gmt":"2025-07-23T19:21:45","guid":{"rendered":"https:\/\/prefeitura.santarosa.rs.gov.br\/?p=14627"},"modified":"2025-07-23T16:34:03","modified_gmt":"2025-07-23T19:34:03","slug":"programacao-dos-94-anos-de-santa-rosa-inicia-na-proxima-semana","status":"publish","type":"post","link":"https:\/\/prefeitura.santarosa.rs.gov.br\/?p=14627","title":{"rendered":"Programa\u00e7\u00e3o dos 94 anos de Santa Rosa inicia na pr\u00f3xima semana"},"content":{"rendered":"\n<figure class=\"wp-block-image size-large\"><img fetchpriority=\"high\" decoding=\"async\" width=\"1024\" height=\"691\" src=\"https:\/\/prefeitura.santarosa.rs.gov.br\/wp-content\/uploads\/2025\/07\/Formato-Portal-do-Cidadao-1600X1080JPG-7-1024x691.jpg\" alt=\"\" class=\"wp-image-14628\" srcset=\"https:\/\/prefeitura.santarosa.rs.gov.br\/wp-content\/uploads\/2025\/07\/Formato-Portal-do-Cidadao-1600X1080JPG-7-1024x691.jpg 1024w, https:\/\/prefeitura.santarosa.rs.gov.br\/wp-content\/uploads\/2025\/07\/Formato-Portal-do-Cidadao-1600X1080JPG-7-300x203.jpg 300w, https:\/\/prefeitura.santarosa.rs.gov.br\/wp-content\/uploads\/2025\/07\/Formato-Portal-do-Cidadao-1600X1080JPG-7-768x518.jpg 768w, https:\/\/prefeitura.santarosa.rs.gov.br\/wp-content\/uploads\/2025\/07\/Formato-Portal-do-Cidadao-1600X1080JPG-7-1536x1037.jpg 1536w, https:\/\/prefeitura.santarosa.rs.gov.br\/wp-content\/uploads\/2025\/07\/Formato-Portal-do-Cidadao-1600X1080JPG-7.jpg 1600w\" sizes=\"(max-width: 1024px) 100vw, 1024px\" \/><\/figure>\n\n\n\n<p>O m\u00eas de agosto come\u00e7a com muito significado e grandes comemora\u00e7\u00f5es. Na sexta-feira, da pr\u00f3xima semana (01\/08), iniciam as atividades em celebra\u00e7\u00e3o aos 94 anos do munic\u00edpio. Ser\u00e3o muitas atra\u00e7\u00f5es para comemorar o dia 10 de agosto, a data que marca mais um ano de hist\u00f3ria dessa cidade que a cada dia prospera e se torna um lugar melhor para se viver.<\/p>\n\n\n\n<p>As atividades preparadas para celebrar a data, est\u00e3o na programa\u00e7\u00e3o oficial do munic\u00edpio. Escolas, entidades, institui\u00e7\u00f5es e volunt\u00e1rios se mobilizaram para contribuir com as comemora\u00e7\u00f5es. A abertura ser\u00e1 marcada por uma celebra\u00e7\u00e3o de a\u00e7\u00e3o de gra\u00e7as no dia 01\/08, \u00e0s 19h30min na Par\u00f3quia Sagrado Cora\u00e7\u00e3o de Jesus. A programa\u00e7\u00e3o completa pode ser conferida nas p\u00e1ginas oficiais da Prefeitura de Santa Rosa.<\/p>\n\n\n\n<div data-wp-interactive=\"core\/file\" class=\"wp-block-file\"><object data-wp-bind--hidden=\"!state.hasPdfPreview\" hidden class=\"wp-block-file__embed\" data=\"https:\/\/prefeitura.santarosa.rs.gov.br\/wp-content\/uploads\/2025\/07\/PROGRAMACAO-MES-DO-MUNICIPIO-2.pdf\" type=\"application\/pdf\" style=\"width:100%;height:600px\" aria-label=\"Incorporado de PROGRAMA\u00c7\u00c3O M\u00caS DO MUNIC\u00cdPIO.\"><\/object><a id=\"wp-block-file--media-883a0303-69fc-4b77-8f22-922a0ee6fd71\" href=\"https:\/\/prefeitura.santarosa.rs.gov.br\/wp-content\/uploads\/2025\/07\/PROGRAMACAO-MES-DO-MUNICIPIO-2.pdf\">PROGRAMA\u00c7\u00c3O M\u00caS DO MUNIC\u00cdPIO<\/a><a href=\"https:\/\/prefeitura.santarosa.rs.gov.br\/wp-content\/uploads\/2025\/07\/PROGRAMACAO-MES-DO-MUNICIPIO-2.pdf\" class=\"wp-block-file__button wp-element-button\" download aria-describedby=\"wp-block-file--media-883a0303-69fc-4b77-8f22-922a0ee6fd71\">Baixar<\/a><\/div>\n\n\n\n<p><\/p>\n\n\n\n<p><\/p>\n","protected":false},"excerpt":{"rendered":"<p>O m\u00eas de agosto come\u00e7a com muito significado e grandes comemora\u00e7\u00f5es. Na sexta-feira, da pr\u00f3xima semana (01\/08), iniciam as atividades<\/p>\n","protected":false},"author":12,"featured_media":14629,"comment_status":"closed","ping_status":"closed","sticky":false,"template":"","format":"standard","meta":{"footnotes":""},"categories":[4,15],"tags":[],"class_list":["post-14627","post","type-post","status-publish","format-standard","has-post-thumbnail","hentry","category-noticias","category-secretaria-municipal-de-comunicacao"],"aioseo_notices":[],"_links":{"self":[{"href":"https:\/\/prefeitura.santarosa.rs.gov.br\/index.php?rest_route=\/wp\/v2\/posts\/14627","targetHints":{"allow":["GET"]}}],"collection":[{"href":"https:\/\/prefeitura.santarosa.rs.gov.br\/index.php?rest_route=\/wp\/v2\/posts"}],"about":[{"href":"https:\/\/prefeitura.santarosa.rs.gov.br\/index.php?rest_route=\/wp\/v2\/types\/post"}],"author":[{"embeddable":true,"href":"https:\/\/prefeitura.santarosa.rs.gov.br\/index.php?rest_route=\/wp\/v2\/users\/12"}],"replies":[{"embeddable":true,"href":"https:\/\/prefeitura.santarosa.rs.gov.br\/index.php?rest_route=%2Fwp%2Fv2%2Fcomments&post=14627"}],"version-history":[{"count":4,"href":"https:\/\/prefeitura.santarosa.rs.gov.br\/index.php?rest_route=\/wp\/v2\/posts\/14627\/revisions"}],"predecessor-version":[{"id":14638,"href":"https:\/\/prefeitura.santarosa.rs.gov.br\/index.php?rest_route=\/wp\/v2\/posts\/14627\/revisions\/14638"}],"wp:featuredmedia":[{"embeddable":true,"href":"https:\/\/prefeitura.santarosa.rs.gov.br\/index.php?rest_route=\/wp\/v2\/media\/14629"}],"wp:attachment":[{"href":"https:\/\/prefeitura.santarosa.rs.gov.br\/index.php?rest_route=%2Fwp%2Fv2%2Fmedia&parent=14627"}],"wp:term":[{"taxonomy":"category","embeddable":true,"href":"https:\/\/prefeitura.santarosa.rs.gov.br\/index.php?rest_route=%2Fwp%2Fv2%2Fcategories&post=14627"},{"taxonomy":"post_tag","embeddable":true,"href":"https:\/\/prefeitura.santarosa.rs.gov.br\/index.php?rest_route=%2Fwp%2Fv2%2Ftags&post=14627"}],"curies":[{"name":"wp","href":"https:\/\/api.w.org\/{rel}","templated":true}]}}