{"id":14622,"date":"2025-07-23T10:53:33","date_gmt":"2025-07-23T13:53:33","guid":{"rendered":"https:\/\/prefeitura.santarosa.rs.gov.br\/?p=14622"},"modified":"2025-07-23T10:53:34","modified_gmt":"2025-07-23T13:53:34","slug":"santa-rosa-recebe-69-duplas-no-17o-mercosul-de-truco","status":"publish","type":"post","link":"https:\/\/prefeitura.santarosa.rs.gov.br\/?p=14622","title":{"rendered":"Santa Rosa recebe 69 duplas no 17\u00ba Mercosul de Truco"},"content":{"rendered":"\n<figure class=\"wp-block-image size-large\"><img fetchpriority=\"high\" decoding=\"async\" width=\"1024\" height=\"691\" src=\"https:\/\/prefeitura.santarosa.rs.gov.br\/wp-content\/uploads\/2025\/07\/Formato-Portal-do-Cidadao-1600X1080JPG-6-1024x691.jpg\" alt=\"\" class=\"wp-image-14623\" srcset=\"https:\/\/prefeitura.santarosa.rs.gov.br\/wp-content\/uploads\/2025\/07\/Formato-Portal-do-Cidadao-1600X1080JPG-6-1024x691.jpg 1024w, https:\/\/prefeitura.santarosa.rs.gov.br\/wp-content\/uploads\/2025\/07\/Formato-Portal-do-Cidadao-1600X1080JPG-6-300x203.jpg 300w, https:\/\/prefeitura.santarosa.rs.gov.br\/wp-content\/uploads\/2025\/07\/Formato-Portal-do-Cidadao-1600X1080JPG-6-768x518.jpg 768w, https:\/\/prefeitura.santarosa.rs.gov.br\/wp-content\/uploads\/2025\/07\/Formato-Portal-do-Cidadao-1600X1080JPG-6-1536x1037.jpg 1536w, https:\/\/prefeitura.santarosa.rs.gov.br\/wp-content\/uploads\/2025\/07\/Formato-Portal-do-Cidadao-1600X1080JPG-6.jpg 1600w\" sizes=\"(max-width: 1024px) 100vw, 1024px\" \/><\/figure>\n\n\n\n<p>No \u00faltimo final de semana, de 19 a 20 de julho, Santa Rosa esteve no centro das aten\u00e7\u00f5es no cen\u00e1rio do truco do Mercosul. A cidade sediou a 17\u00aa edi\u00e7\u00e3o do Mercosul de Truco em Duplas, um evento tradicional que reuniu 69 duplas inscritas e um p\u00fablico de mais de 500 pessoas. O evento aconteceu no Parque de Exposi\u00e7\u00f5es Alfredo Leandro Carlson.<\/p>\n\n\n\n<p>A abertura oficial contou com a apresenta\u00e7\u00e3o musical de Darlan Orta\u00e7a e Vin\u00edcius Ribeiro. Estiveram presentes, o vice-prefeito de Santa Rosa, Aldemir Ulrich, o presidente do Musicanto, Fernando Borella, o Secret\u00e1rio de Esporte, Cauh\u00e3 Pereira, a Secret\u00e1ria de Educa\u00e7\u00e3o e Cultura, Josyane Heck e o vereador, Lu\u00eds Carlos Martins, representando o legislativo.<\/p>\n\n\n\n<p>Durante os dois dias de competi\u00e7\u00e3o, o clima de amizade, rivalidade sadia e tradi\u00e7\u00e3o marcou o evento, que teve partidas emocionantes, especialmente nas fases decisivas: quartas, semifinais e final. Os jogos foram transmitidos ao vivo pelas redes sociais do Portal Plural, ampliando ainda mais o alcance da competi\u00e7\u00e3o e valorizando os jogadores participantes. O Presidente da Confraria do Truco de Santa Rosa, Cl\u00e1udio Zamo Capaverde, destacou o sucesso do evento, \u201cMais do que uma competi\u00e7\u00e3o, o Mercosul \u00e9 um encontro de amigos, de culturas e de tradi\u00e7\u00e3o. Ficamos felizes em ver tanta gente vibrando com o truco, reconhecendo nosso esfor\u00e7o e mantendo essa paix\u00e3o viva\u201d.<\/p>\n\n\n\n<p>Ao final, o p\u00f3dio ficou assim: 1\u00ba lugar &#8211; Fam\u00edlia Gomes 2, de S\u00e3o Borja\/RS (3\u00aa RT), com os jogadores Maur\u00edcio, Adriano e Jo\u00e3o; 2\u00ba lugar &#8211; Os Guri da C\u00edcero, de S\u00e3o Luiz Gonzaga\/RS (3\u00aa RT), com Marquinhos e Carlos; 3\u00ba lugar &#8211; Malaria 3, de S\u00e3o Borja\/RS (3\u00aa RT), com Sapo e Mam\u00e3o; 4\u00ba lugar &#8211; CTG Quer\u00eancia Costeira 4, de Porto Lucena\/RS (3\u00aa RT), com Macaco e Sirigote; 5\u00ba lugar &#8211; Tauras\/Malaria, tamb\u00e9m de S\u00e3o Borja\/RS (3\u00aa RT), com Ant\u00f4nio e El\u00eddio.<\/p>\n\n\n\n<p>A premia\u00e7\u00e3o total do evento foi de R$ 10.000,00 em dinheiro, al\u00e9m de trof\u00e9us para os cinco primeiros colocados. Os participantes tamb\u00e9m foram recepcionados com uma janta de confraterniza\u00e7\u00e3o no s\u00e1bado \u00e0 noite.<\/p>\n\n\n\n<p><\/p>\n\n\n\n<p><\/p>\n","protected":false},"excerpt":{"rendered":"<p>No \u00faltimo final de semana, de 19 a 20 de julho, Santa Rosa esteve no centro das aten\u00e7\u00f5es no cen\u00e1rio<\/p>\n","protected":false},"author":12,"featured_media":14624,"comment_status":"closed","ping_status":"closed","sticky":false,"template":"","format":"standard","meta":{"footnotes":""},"categories":[4,19],"tags":[],"class_list":["post-14622","post","type-post","status-publish","format-standard","has-post-thumbnail","hentry","category-noticias","category-secretaria-municipal-de-esporte"],"aioseo_notices":[],"_links":{"self":[{"href":"https:\/\/prefeitura.santarosa.rs.gov.br\/index.php?rest_route=\/wp\/v2\/posts\/14622","targetHints":{"allow":["GET"]}}],"collection":[{"href":"https:\/\/prefeitura.santarosa.rs.gov.br\/index.php?rest_route=\/wp\/v2\/posts"}],"about":[{"href":"https:\/\/prefeitura.santarosa.rs.gov.br\/index.php?rest_route=\/wp\/v2\/types\/post"}],"author":[{"embeddable":true,"href":"https:\/\/prefeitura.santarosa.rs.gov.br\/index.php?rest_route=\/wp\/v2\/users\/12"}],"replies":[{"embeddable":true,"href":"https:\/\/prefeitura.santarosa.rs.gov.br\/index.php?rest_route=%2Fwp%2Fv2%2Fcomments&post=14622"}],"version-history":[{"count":1,"href":"https:\/\/prefeitura.santarosa.rs.gov.br\/index.php?rest_route=\/wp\/v2\/posts\/14622\/revisions"}],"predecessor-version":[{"id":14625,"href":"https:\/\/prefeitura.santarosa.rs.gov.br\/index.php?rest_route=\/wp\/v2\/posts\/14622\/revisions\/14625"}],"wp:featuredmedia":[{"embeddable":true,"href":"https:\/\/prefeitura.santarosa.rs.gov.br\/index.php?rest_route=\/wp\/v2\/media\/14624"}],"wp:attachment":[{"href":"https:\/\/prefeitura.santarosa.rs.gov.br\/index.php?rest_route=%2Fwp%2Fv2%2Fmedia&parent=14622"}],"wp:term":[{"taxonomy":"category","embeddable":true,"href":"https:\/\/prefeitura.santarosa.rs.gov.br\/index.php?rest_route=%2Fwp%2Fv2%2Fcategories&post=14622"},{"taxonomy":"post_tag","embeddable":true,"href":"https:\/\/prefeitura.santarosa.rs.gov.br\/index.php?rest_route=%2Fwp%2Fv2%2Ftags&post=14622"}],"curies":[{"name":"wp","href":"https:\/\/api.w.org\/{rel}","templated":true}]}}